{"id":16283,"date":"2025-02-12T11:33:14","date_gmt":"2025-02-12T11:33:14","guid":{"rendered":"http:\/\/875jahrekirchgoens.de\/?p=16283"},"modified":"2025-02-26T11:37:20","modified_gmt":"2025-02-26T11:37:20","slug":"grandioser-kappenabend-in-kirch-goens","status":"publish","type":"post","link":"http:\/\/875jahrekirchgoens.de\/?p=16283","title":{"rendered":"Grandioser Kappenabend in Kirch-G\u00f6ns"},"content":{"rendered":"\n<p><em>\u00dcber achtzig Mitwirkende zeigten ihr K\u00f6nnen<\/em><\/p>\n\n\n\n<p>(Mz.) Pr\u00e4chtige Stimmung herrschte in der bunt geschm\u00fcckten Sch\u00fctzenhalle am vergangenen Samstag in Kirch-G\u00f6ns. In der proppenvollen Narhalla wurde nach der Begr\u00fc\u00dfung der Vorsitzenden Gunther M\u00fcller und Thorsten Metz vom Sch\u00fctzen- und Turnverein die Moderation an Rolf Hillefeld \u00fcbergeben. Zum siebten Male veranstalteten der SV und TV das Event im n\u00f6rdlichsten Stadtteil von Butzbach. Nach dem letztj\u00e4hrigen guten Erfolg legte man mit einer weiteren Tanzgruppe noch eine Schippe drauf und erntete viel Lob von den G\u00e4sten. Rolf Hillefeld vom Sch\u00fctzenverein f\u00fchrte gekonnt durch das Programm. Mit Fabio Schwenz folgte eine B\u00fcttenrede \u00fcber seine anstehende Operation und Studentenleben. Schwenz parodierte \u00fcber die Verletzung des Kassenwartes des Fassenachtsvereins Pohl-G\u00f6ns, den Neubauten in Pohl-G\u00f6ns, \u00fcber die Kirch-G\u00f6nser &#8211; die wohl alles richtig machen, denn es g\u00e4be ja immer was zu lachen &#8211; und dem Br\u00fcckenabriss in Pohl-G\u00f6ns. Mit dem Einmarsch der Schobbedales und Hotshots aus Leihgestern \u2013 unter der Leitung von Simone Riedl \u2013 erhitzte sich die Atmosph\u00e4re. Die in italienischen Pizzab\u00e4cker-Kost\u00fcmen gekleideten K\u00fcnstler und K\u00fcnstlerinnen feuerten die Anwesenden mit rhythmischen Bewegungen zu ihrem Thema \u201eBella Italia\u201c an. Im Anschluss folgten die Hoingkm\u00e4nner Ewwerschgies mit ihrem Tanz zum Thema \u201eHerr Doktor, Herr Doktor\u201c. Trainerin Jelli Gerhardt verstand es die M\u00e4nnertruppe zu einem tollen Auftritt zu formen. Neuling im Programm waren die Black Gards der Concordia Rockenberg. Mit einem Gardetanz zeigten die jungen Damen, unter der Leitung von Juliane Schulz und Pia Fischer in ihrem dreimin\u00fctigen Auftritt ein wahrhaft sch\u00f6nen Gardetanz. Es folgte die Showtanzgruppe der gro\u00dfen Garde des Pohl-G\u00f6nser Fassenachtsvereins. Die jungen Damen um die Trainerinnen Anna-Lena Schilken und Rebecca H\u00f6gel herum entf\u00fchrten die Zuschauer in die 70er-Jahre und brillierten ganz besonders mit ihrem ABBA-Tanz in goldfarbenen Kost\u00fcmen. Den vorletzten Tanz zeigten die Bierbauchhopser aus Bodenrod. Mit dem Thema \u201eAuferstehung aus dem Feuer\u201c traten die Damen aus der Finsternis. Mit ihrem Tanz entz\u00fcndeten sie das Feuer und brachten ordentlich Stimmung mit. Lasst uns gemeinsam die Nacht erhellen.&#8220; t\u00f6nte es aus dem Off. Mystisch im Nebel schlichen die &#8218;Bierbauchhopser\u201c aus Bodenrod katzengleich aus dem Nebel. Daraus entwickelte sich ein einfallsreicher und dynamischer Showtanz in tollen Kost\u00fcmen. Diese Pr\u00e4sentation riss das Publikum von den B\u00e4nken und l\u00f6ste einen Beifallssturm aus. Bei der folgenden Pr\u00e4mierung der &#8222;Best Kapp&#8220; konnte sich die Jury nicht auf einen Sieger einigen. So erhielt Marie Wilhelm f\u00fcr in die Haare eingepflochtene Heliumballons und die Gruppe \u201eCandy Girls\u201c um Marie Schott f\u00fcr Ihre \u201es\u00fc\u00dfen\u201c Zylinder jeweils einen Getr\u00e4nkegutschein f\u00fcr die Sektbar. Der letzte Showact geh\u00f6rte dem Lokalmatador. Die neunzehnk\u00f6pfigen Tanzformation \u201eMibdance\u201c \u00fcberzeugte mit ihrer Vorf\u00fchrung zu dem Thema Toy Story. Mit den einzelnen Charakteren Andy (Mario Wilhelm), Buzz Lightyear (Thorsten Metz), Woody (Nick Diehl), Jessie (Sebastian Nitsche), Slinky (Steffi Henseling und Silke Wilhelm) und den vielen restlichen Aliens war die Sch\u00fctzenhalle kurz vor dem Explodieren. Die Darbietungen auf die stimmungsvolle Musik hatten Tina und Lara Ceh einstudiert. Nach dem Auftritt folgte unter tosendem Applaus eine Zugabe mit dem roten Pferd \u201eBully\u201c, in Person von Leon Schicketanz. Im Anschluss nahmen viele der G\u00e4ste an der Polon\u00e4se teil. Unter der Leitung der DJ\u00b4s Liam und Felix konnten die Besucher noch bis in den fr\u00fchen Morgenstunden ausgiebig das Faschingstreiben feiern.<\/p>\n\n\n\n<figure class=\"wp-block-gallery has-nested-images columns-default is-cropped wp-block-gallery-1 is-layout-flex wp-block-gallery-is-layout-flex\">\n<figure class=\"wp-block-image size-large\"><img loading=\"lazy\" decoding=\"async\" width=\"1024\" height=\"577\" data-id=\"16284\" src=\"http:\/\/875jahrekirchgoens.de\/wp-content\/uploads\/2025\/02\/Bierbauchhopser-1-1024x577.jpg\" alt=\"\" class=\"wp-image-16284\" srcset=\"http:\/\/875jahrekirchgoens.de\/wp-content\/uploads\/2025\/02\/Bierbauchhopser-1-1024x577.jpg 1024w, http:\/\/875jahrekirchgoens.de\/wp-content\/uploads\/2025\/02\/Bierbauchhopser-1-300x169.jpg 300w, http:\/\/875jahrekirchgoens.de\/wp-content\/uploads\/2025\/02\/Bierbauchhopser-1-768x432.jpg 768w, http:\/\/875jahrekirchgoens.de\/wp-content\/uploads\/2025\/02\/Bierbauchhopser-1-1536x865.jpg 1536w, http:\/\/875jahrekirchgoens.de\/wp-content\/uploads\/2025\/02\/Bierbauchhopser-1.jpg 2048w\" sizes=\"auto, (max-width: 1024px) 100vw, 1024px\" \/><figcaption class=\"wp-element-caption\">Bierbauchhopser Bodenrod<\/figcaption><\/figure>\n\n\n\n<figure class=\"wp-block-image size-large\"><img loading=\"lazy\" decoding=\"async\" width=\"1024\" height=\"577\" data-id=\"16285\" src=\"http:\/\/875jahrekirchgoens.de\/wp-content\/uploads\/2025\/02\/Black-Gards-1-1024x577.jpg\" alt=\"\" class=\"wp-image-16285\" srcset=\"http:\/\/875jahrekirchgoens.de\/wp-content\/uploads\/2025\/02\/Black-Gards-1-1024x577.jpg 1024w, http:\/\/875jahrekirchgoens.de\/wp-content\/uploads\/2025\/02\/Black-Gards-1-300x169.jpg 300w, http:\/\/875jahrekirchgoens.de\/wp-content\/uploads\/2025\/02\/Black-Gards-1-768x432.jpg 768w, http:\/\/875jahrekirchgoens.de\/wp-content\/uploads\/2025\/02\/Black-Gards-1-1536x865.jpg 1536w, http:\/\/875jahrekirchgoens.de\/wp-content\/uploads\/2025\/02\/Black-Gards-1.jpg 2048w\" sizes=\"auto, (max-width: 1024px) 100vw, 1024px\" \/><figcaption class=\"wp-element-caption\">Black Gards der Concordia Rockenberg<\/figcaption><\/figure>\n\n\n\n<figure class=\"wp-block-image size-large\"><img loading=\"lazy\" decoding=\"async\" width=\"1024\" height=\"577\" data-id=\"16288\" src=\"http:\/\/875jahrekirchgoens.de\/wp-content\/uploads\/2025\/02\/Grosse-Garde-PG-2-1024x577.jpg\" alt=\"\" class=\"wp-image-16288\" srcset=\"http:\/\/875jahrekirchgoens.de\/wp-content\/uploads\/2025\/02\/Grosse-Garde-PG-2-1024x577.jpg 1024w, http:\/\/875jahrekirchgoens.de\/wp-content\/uploads\/2025\/02\/Grosse-Garde-PG-2-300x169.jpg 300w, http:\/\/875jahrekirchgoens.de\/wp-content\/uploads\/2025\/02\/Grosse-Garde-PG-2-768x432.jpg 768w, http:\/\/875jahrekirchgoens.de\/wp-content\/uploads\/2025\/02\/Grosse-Garde-PG-2-1536x865.jpg 1536w, http:\/\/875jahrekirchgoens.de\/wp-content\/uploads\/2025\/02\/Grosse-Garde-PG-2.jpg 2048w\" sizes=\"auto, (max-width: 1024px) 100vw, 1024px\" \/><figcaption class=\"wp-element-caption\">Die gro\u00dfe Garde des Pohl-G\u00f6nser Fassenachtsverein Pohl-G\u00f6ns mit ihrem ABBA-Tanz.<\/figcaption><\/figure>\n\n\n\n<figure class=\"wp-block-image size-large\"><img loading=\"lazy\" decoding=\"async\" width=\"1024\" height=\"577\" data-id=\"16289\" src=\"http:\/\/875jahrekirchgoens.de\/wp-content\/uploads\/2025\/02\/Hoinkmanner-1024x577.jpg\" alt=\"\" class=\"wp-image-16289\" srcset=\"http:\/\/875jahrekirchgoens.de\/wp-content\/uploads\/2025\/02\/Hoinkmanner-1024x577.jpg 1024w, http:\/\/875jahrekirchgoens.de\/wp-content\/uploads\/2025\/02\/Hoinkmanner-300x169.jpg 300w, http:\/\/875jahrekirchgoens.de\/wp-content\/uploads\/2025\/02\/Hoinkmanner-768x432.jpg 768w, http:\/\/875jahrekirchgoens.de\/wp-content\/uploads\/2025\/02\/Hoinkmanner-1536x865.jpg 1536w, http:\/\/875jahrekirchgoens.de\/wp-content\/uploads\/2025\/02\/Hoinkmanner.jpg 2048w\" sizes=\"auto, (max-width: 1024px) 100vw, 1024px\" \/><figcaption class=\"wp-element-caption\">Die Hoingkm\u00e4nner Ewwerschgies mit ihrem Showtanz \u201eHerr Doktor, Herr Doktor\u201c.<\/figcaption><\/figure>\n\n\n\n<figure class=\"wp-block-image size-large\"><img loading=\"lazy\" decoding=\"async\" width=\"1024\" height=\"577\" data-id=\"16287\" src=\"http:\/\/875jahrekirchgoens.de\/wp-content\/uploads\/2025\/02\/MIB-6-1024x577.jpg\" alt=\"\" class=\"wp-image-16287\" srcset=\"http:\/\/875jahrekirchgoens.de\/wp-content\/uploads\/2025\/02\/MIB-6-1024x577.jpg 1024w, http:\/\/875jahrekirchgoens.de\/wp-content\/uploads\/2025\/02\/MIB-6-300x169.jpg 300w, http:\/\/875jahrekirchgoens.de\/wp-content\/uploads\/2025\/02\/MIB-6-768x432.jpg 768w, http:\/\/875jahrekirchgoens.de\/wp-content\/uploads\/2025\/02\/MIB-6-1536x865.jpg 1536w, http:\/\/875jahrekirchgoens.de\/wp-content\/uploads\/2025\/02\/MIB-6.jpg 2048w\" sizes=\"auto, (max-width: 1024px) 100vw, 1024px\" \/><figcaption class=\"wp-element-caption\">Mibdance Kirch-G\u00f6ns in Kost\u00fcmen zu Toy Story<\/figcaption><\/figure>\n\n\n\n<figure class=\"wp-block-image size-large\"><img loading=\"lazy\" decoding=\"async\" width=\"1024\" height=\"577\" data-id=\"16286\" src=\"http:\/\/875jahrekirchgoens.de\/wp-content\/uploads\/2025\/02\/Schobbedales-u-Hot-Shots-4-1024x577.jpg\" alt=\"\" class=\"wp-image-16286\" srcset=\"http:\/\/875jahrekirchgoens.de\/wp-content\/uploads\/2025\/02\/Schobbedales-u-Hot-Shots-4-1024x577.jpg 1024w, http:\/\/875jahrekirchgoens.de\/wp-content\/uploads\/2025\/02\/Schobbedales-u-Hot-Shots-4-300x169.jpg 300w, http:\/\/875jahrekirchgoens.de\/wp-content\/uploads\/2025\/02\/Schobbedales-u-Hot-Shots-4-768x432.jpg 768w, http:\/\/875jahrekirchgoens.de\/wp-content\/uploads\/2025\/02\/Schobbedales-u-Hot-Shots-4-1536x865.jpg 1536w, http:\/\/875jahrekirchgoens.de\/wp-content\/uploads\/2025\/02\/Schobbedales-u-Hot-Shots-4.jpg 2048w\" sizes=\"auto, (max-width: 1024px) 100vw, 1024px\" \/><figcaption class=\"wp-element-caption\">Die Schobbedales und Hotshots aus Leihgestern.<\/figcaption><\/figure>\n<\/figure>\n\n\n\n<p><br>\u00a0<\/p>\n\n\n\n<figure class=\"wp-block-image size-full\"><img loading=\"lazy\" decoding=\"async\" width=\"573\" height=\"362\" src=\"http:\/\/875jahrekirchgoens.de\/wp-content\/uploads\/2025\/02\/Bild1-1.jpg\" alt=\"\" class=\"wp-image-16290\" srcset=\"http:\/\/875jahrekirchgoens.de\/wp-content\/uploads\/2025\/02\/Bild1-1.jpg 573w, http:\/\/875jahrekirchgoens.de\/wp-content\/uploads\/2025\/02\/Bild1-1-300x190.jpg 300w\" sizes=\"auto, (max-width: 573px) 100vw, 573px\" \/><figcaption class=\"wp-element-caption\">Fabio Schwenz (M). mit Moderator Rolf Hillefeld (l.) und Anne Morkel (r.)<\/figcaption><\/figure>\n","protected":false},"excerpt":{"rendered":"<p>\u00dcber achtzig Mitwirkende zeigten ihr K\u00f6nnen (Mz.) Pr\u00e4chtige Stimmung herrschte in der bunt geschm\u00fcckten Sch\u00fctzenhalle am vergangenen Samstag in Kirch-G\u00f6ns. In der proppenvollen Narhalla wurde nach der Begr\u00fc\u00dfung der Vorsitzenden Gunther M\u00fcller und Thorsten Metz vom Sch\u00fctzen- und Turnverein die Moderation an Rolf Hillefeld \u00fcbergeben. Zum siebten Male veranstalteten der SV und TV das Event &#8230; <a title=\"Grandioser Kappenabend in Kirch-G\u00f6ns\" class=\"read-more\" href=\"http:\/\/875jahrekirchgoens.de\/?p=16283\" aria-label=\"Mehr Informationen \u00fcber Grandioser Kappenabend in Kirch-G\u00f6ns\">Weiterlesen<\/a><\/p>\n","protected":false},"author":1,"featured_media":0,"comment_status":"closed","ping_status":"open","sticky":false,"template":"","format":"standard","meta":{"footnotes":""},"categories":[1],"tags":[],"class_list":["post-16283","post","type-post","status-publish","format-standard","hentry","category-infos"],"_links":{"self":[{"href":"http:\/\/875jahrekirchgoens.de\/index.php?rest_route=\/wp\/v2\/posts\/16283","targetHints":{"allow":["GET"]}}],"collection":[{"href":"http:\/\/875jahrekirchgoens.de\/index.php?rest_route=\/wp\/v2\/posts"}],"about":[{"href":"http:\/\/875jahrekirchgoens.de\/index.php?rest_route=\/wp\/v2\/types\/post"}],"author":[{"embeddable":true,"href":"http:\/\/875jahrekirchgoens.de\/index.php?rest_route=\/wp\/v2\/users\/1"}],"replies":[{"embeddable":true,"href":"http:\/\/875jahrekirchgoens.de\/index.php?rest_route=%2Fwp%2Fv2%2Fcomments&post=16283"}],"version-history":[{"count":1,"href":"http:\/\/875jahrekirchgoens.de\/index.php?rest_route=\/wp\/v2\/posts\/16283\/revisions"}],"predecessor-version":[{"id":16291,"href":"http:\/\/875jahrekirchgoens.de\/index.php?rest_route=\/wp\/v2\/posts\/16283\/revisions\/16291"}],"wp:attachment":[{"href":"http:\/\/875jahrekirchgoens.de\/index.php?rest_route=%2Fwp%2Fv2%2Fmedia&parent=16283"}],"wp:term":[{"taxonomy":"category","embeddable":true,"href":"http:\/\/875jahrekirchgoens.de\/index.php?rest_route=%2Fwp%2Fv2%2Fcategories&post=16283"},{"taxonomy":"post_tag","embeddable":true,"href":"http:\/\/875jahrekirchgoens.de\/index.php?rest_route=%2Fwp%2Fv2%2Ftags&post=16283"}],"curies":[{"name":"wp","href":"https:\/\/api.w.org\/{rel}","templated":true}]}}