{"id":16305,"date":"2025-03-08T12:19:17","date_gmt":"2025-03-08T12:19:17","guid":{"rendered":"https:\/\/875jahrekirchgoens.de\/?p=16305"},"modified":"2025-03-08T12:19:18","modified_gmt":"2025-03-08T12:19:18","slug":"vierundsechzig-buergermeister-in-kirch-goens","status":"publish","type":"post","link":"http:\/\/875jahrekirchgoens.de\/?p=16305","title":{"rendered":"Vierundsechzig B\u00fcrgermeister in Kirch-G\u00f6ns"},"content":{"rendered":"\n<p><em>Chronik-Ausschuss der Interessengemeinschaft Kirch-G\u00f6ns sucht Bilder zu Alt-B\u00fcrgermeister<\/em><\/p>\n\n\n\n<p>(Mz.) Im Rahmen des 875j\u00e4hrigen Bestehen von Kirch-G\u00f6ns recherchiert der Chronikausschuss zu dem Thema \u201eB\u00fcrgermeister in Kirch-G\u00f6ns\u201c. Seit 1707 standen an der Spitze der Gemeinde Kirch-G\u00f6ns insgesamt vierundsechzig B\u00fcrgermeister. In der Festschrift zum 800-j\u00e4hrigen Jubil\u00e4um von Kirch-G\u00f6ns aus dem Jahre 1950 wurde eine detaillierte Aufstellung aller B\u00fcrgermeister (Schulthei\u00dfen) dokumentiert. Daniel Wentzel und Joh. Peter Jung waren 1707 die ersten Gemeindef\u00fchrer. Aus der Dorfchronik zum 850j\u00e4hrigen Jubil\u00e4um ist zu entnehmen, dass w\u00e4hrend des Drei\u00dfigj\u00e4hrigen Krieges, zwischen 1620 und 1640, es im Dorf zu einer Umorganisation der gemeindlichen F\u00fchrungsstellen gekommen zu scheinen seid. An die Stelle des oder der Heimburgen trat die Einrichtung der beiden (j\u00e4hrlich neu von den Gemeindenachbarn gew\u00e4hlten) B\u00fcrgermeister (den sogenannten Gemeindeb\u00fcrgermeistern). Die B\u00fcrgermeister wechselten im j\u00e4hrlichen Turnus bis zum Jahr 1821, als nach Einf\u00fchrung der gro\u00dfherzoglich-hessischen Verfassung im Gebiet der Landgrafschaft Hessen Darmstadt, nachmals des Gro\u00dfherzogtums Hessen, die B\u00fcrgermeister die bis heute bekannte Stellung erhielten. Als B\u00fcrgermeister der Fr\u00fchzeit sind bekannt: 1640 Ebert Kr\u00f6ll (Groll), B\u00fcrgermeister, Fritz Schmitt, B\u00fcrgermeister; 1660 Jacob Nern. In den Jahren 1707 bis 1709 wurde die Position in Doppelbesetzung ausgef\u00fchrt. Nochmalige Doppelspitzen waren in den Jahren 1719, 1729, 1735, 1745, 1751 und 1775 mit dem Amt besetzt. Ab 1777 (Anton Schepp, verst. 20. Juni 1794) wurde das B\u00fcrgermeisteramt mit einer Einzelperson gef\u00fchrt. Besonders auff\u00e4llig ist die Anzahl der Vornamen Johannes oder Johann einzelner B\u00fcrgermeister. Einundf\u00fcnfzig mal ist der vorgenannte Vorname zu verzeichnen. Der letzte B\u00fcrgermeister von Kirch-G\u00f6ns war Reinhard Hanack von 1952 bis 1972, bevor die Eingemeindung stattfand und Kirch-G\u00f6ns der Stadt Butzbach angegliedert wurde. Vor Hanack waren Konrad R\u00f6hrig (1932 bis 1937), Ernst Textor (1937bis 1945), Otto Binzer (1945 bis 1948) und Wilhelm Kehr (1948 bis 1952) im Amt. Im Zuge der Recherche zum Thema \u201eB\u00fcrgermeister\u201c bitte der Chronikausschuss der Interessengemeinschaft Kirch-G\u00f6ns die Kirch-G\u00f6nser Bev\u00f6lkerung um Mithilfe. Eine Aufnahme von Konrad R\u00f6hrig (geb. 17.11.1877 in Kirch-G\u00f6ns, verst. 12.08.1951 in Kirch-G\u00f6ns) und dessen Beruf wird gesucht. Das Bild kann gerne an Thorsten Metz, Bahnhofstra\u00dfe 65\/Kirch-G\u00f6ns, Tel. 06033-974878, \u00fcbergeben werden.<\/p>\n","protected":false},"excerpt":{"rendered":"<p>Chronik-Ausschuss der Interessengemeinschaft Kirch-G\u00f6ns sucht Bilder zu Alt-B\u00fcrgermeister (Mz.) Im Rahmen des 875j\u00e4hrigen Bestehen von Kirch-G\u00f6ns recherchiert der Chronikausschuss zu dem Thema \u201eB\u00fcrgermeister in Kirch-G\u00f6ns\u201c. Seit 1707 standen an der Spitze der Gemeinde Kirch-G\u00f6ns insgesamt vierundsechzig B\u00fcrgermeister. In der Festschrift zum 800-j\u00e4hrigen Jubil\u00e4um von Kirch-G\u00f6ns aus dem Jahre 1950 wurde eine detaillierte Aufstellung aller B\u00fcrgermeister &#8230; <a title=\"Vierundsechzig B\u00fcrgermeister in Kirch-G\u00f6ns\" class=\"read-more\" href=\"http:\/\/875jahrekirchgoens.de\/?p=16305\" aria-label=\"Mehr Informationen \u00fcber Vierundsechzig B\u00fcrgermeister in Kirch-G\u00f6ns\">Weiterlesen<\/a><\/p>\n","protected":false},"author":1,"featured_media":0,"comment_status":"closed","ping_status":"open","sticky":false,"template":"","format":"standard","meta":{"footnotes":""},"categories":[1],"tags":[],"class_list":["post-16305","post","type-post","status-publish","format-standard","hentry","category-infos"],"_links":{"self":[{"href":"http:\/\/875jahrekirchgoens.de\/index.php?rest_route=\/wp\/v2\/posts\/16305","targetHints":{"allow":["GET"]}}],"collection":[{"href":"http:\/\/875jahrekirchgoens.de\/index.php?rest_route=\/wp\/v2\/posts"}],"about":[{"href":"http:\/\/875jahrekirchgoens.de\/index.php?rest_route=\/wp\/v2\/types\/post"}],"author":[{"embeddable":true,"href":"http:\/\/875jahrekirchgoens.de\/index.php?rest_route=\/wp\/v2\/users\/1"}],"replies":[{"embeddable":true,"href":"http:\/\/875jahrekirchgoens.de\/index.php?rest_route=%2Fwp%2Fv2%2Fcomments&post=16305"}],"version-history":[{"count":1,"href":"http:\/\/875jahrekirchgoens.de\/index.php?rest_route=\/wp\/v2\/posts\/16305\/revisions"}],"predecessor-version":[{"id":16306,"href":"http:\/\/875jahrekirchgoens.de\/index.php?rest_route=\/wp\/v2\/posts\/16305\/revisions\/16306"}],"wp:attachment":[{"href":"http:\/\/875jahrekirchgoens.de\/index.php?rest_route=%2Fwp%2Fv2%2Fmedia&parent=16305"}],"wp:term":[{"taxonomy":"category","embeddable":true,"href":"http:\/\/875jahrekirchgoens.de\/index.php?rest_route=%2Fwp%2Fv2%2Fcategories&post=16305"},{"taxonomy":"post_tag","embeddable":true,"href":"http:\/\/875jahrekirchgoens.de\/index.php?rest_route=%2Fwp%2Fv2%2Ftags&post=16305"}],"curies":[{"name":"wp","href":"https:\/\/api.w.org\/{rel}","templated":true}]}}