{"id":16312,"date":"2025-03-11T12:48:12","date_gmt":"2025-03-11T12:48:12","guid":{"rendered":"https:\/\/875jahrekirchgoens.de\/?p=16312"},"modified":"2025-03-11T19:35:04","modified_gmt":"2025-03-11T19:35:04","slug":"totenehrung-in-kirch-goens","status":"publish","type":"post","link":"http:\/\/875jahrekirchgoens.de\/?p=16312","title":{"rendered":"Totenehrung in Kirch-G\u00f6ns"},"content":{"rendered":"\n<p>(Mz.) Am Samstag, 22. M\u00e4rz 2025, erfolgt vor der akademischen Feier zum 875-j\u00e4hrigen Jubil\u00e4um von Kirch-G\u00f6ns eine Totenehrung am Kirch-G\u00f6nser Friedhof um 14.00 Uhr. Neben dem Ortsbeirat, den Vereinsvorsitzenden und den Fahnentr\u00e4gern der einzelnen Ortsvereine wird die Veranstaltung musikalisch begleitet. Ansprachen zu der Totenehrung werden von Pfarrer David Lieder, dem Ortsbeiratsvorsitzenden Stefan Euler und dem IG-Vorsitzenden der Kirch-G\u00f6nser Vereine und Gruppen, Michael Tiedemann, erfolgen. Die Veranstaltung ist \u00f6ffentlich und die Interessengemeinschaft freut sich \u00fcber alle diejenigen, die an dem kurzweiligen Ereignis teilnehmen. Die IG weist ausdr\u00fccklich darauf hin, dass die Kirch-G\u00f6nser Bev\u00f6lkerung zur Teilnahme herzlich eingeladen ist.<\/p>\n","protected":false},"excerpt":{"rendered":"<p>(Mz.) Am Samstag, 22. M\u00e4rz 2025, erfolgt vor der akademischen Feier zum 875-j\u00e4hrigen Jubil\u00e4um von Kirch-G\u00f6ns eine Totenehrung am Kirch-G\u00f6nser Friedhof um 14.00 Uhr. Neben dem Ortsbeirat, den Vereinsvorsitzenden und den Fahnentr\u00e4gern der einzelnen Ortsvereine wird die Veranstaltung musikalisch begleitet. Ansprachen zu der Totenehrung werden von Pfarrer David Lieder, dem Ortsbeiratsvorsitzenden Stefan Euler und dem &#8230; <a title=\"Totenehrung in Kirch-G\u00f6ns\" class=\"read-more\" href=\"http:\/\/875jahrekirchgoens.de\/?p=16312\" aria-label=\"Mehr Informationen \u00fcber Totenehrung in Kirch-G\u00f6ns\">Weiterlesen<\/a><\/p>\n","protected":false},"author":1,"featured_media":0,"comment_status":"closed","ping_status":"open","sticky":false,"template":"","format":"standard","meta":{"footnotes":""},"categories":[1],"tags":[],"class_list":["post-16312","post","type-post","status-publish","format-standard","hentry","category-infos"],"_links":{"self":[{"href":"http:\/\/875jahrekirchgoens.de\/index.php?rest_route=\/wp\/v2\/posts\/16312","targetHints":{"allow":["GET"]}}],"collection":[{"href":"http:\/\/875jahrekirchgoens.de\/index.php?rest_route=\/wp\/v2\/posts"}],"about":[{"href":"http:\/\/875jahrekirchgoens.de\/index.php?rest_route=\/wp\/v2\/types\/post"}],"author":[{"embeddable":true,"href":"http:\/\/875jahrekirchgoens.de\/index.php?rest_route=\/wp\/v2\/users\/1"}],"replies":[{"embeddable":true,"href":"http:\/\/875jahrekirchgoens.de\/index.php?rest_route=%2Fwp%2Fv2%2Fcomments&post=16312"}],"version-history":[{"count":2,"href":"http:\/\/875jahrekirchgoens.de\/index.php?rest_route=\/wp\/v2\/posts\/16312\/revisions"}],"predecessor-version":[{"id":16316,"href":"http:\/\/875jahrekirchgoens.de\/index.php?rest_route=\/wp\/v2\/posts\/16312\/revisions\/16316"}],"wp:attachment":[{"href":"http:\/\/875jahrekirchgoens.de\/index.php?rest_route=%2Fwp%2Fv2%2Fmedia&parent=16312"}],"wp:term":[{"taxonomy":"category","embeddable":true,"href":"http:\/\/875jahrekirchgoens.de\/index.php?rest_route=%2Fwp%2Fv2%2Fcategories&post=16312"},{"taxonomy":"post_tag","embeddable":true,"href":"http:\/\/875jahrekirchgoens.de\/index.php?rest_route=%2Fwp%2Fv2%2Ftags&post=16312"}],"curies":[{"name":"wp","href":"https:\/\/api.w.org\/{rel}","templated":true}]}}