{"id":16318,"date":"2025-03-16T00:01:00","date_gmt":"2025-03-16T00:01:00","guid":{"rendered":"https:\/\/875jahrekirchgoens.de\/?p=16318"},"modified":"2025-03-16T20:37:13","modified_gmt":"2025-03-16T20:37:13","slug":"akademische-feier-zum-875-jaehrigen-jubilaeum","status":"publish","type":"post","link":"http:\/\/875jahrekirchgoens.de\/?p=16318","title":{"rendered":"Akademische Feier zum 875-j\u00e4hrigen Jubil\u00e4um"},"content":{"rendered":"\n<p>(Mz.) Am Samstag, 22. M\u00e4rz 2025, 16.00 Uhr, l\u00e4dt die Interessengemeinschaft der Kirch-G\u00f6nser Vereine und Gruppen e. V. zu der Akademischen Feier, anl\u00e4sslich des 875-j\u00e4hrigen Bestehens von Kirch-G\u00f6ns, in die Mehrzweckhalle Kirch-\/Pohl-G\u00f6ns ein. Die Dauer der \u00f6ffentlichen Veranstaltung wird mit ca. zweieinhalb Stunden, wobei eine zehnmin\u00fctige Pause eingelegt wird, geplant. IG-Vorsitzender Michael Tiedemann und der IG-Vorstand freuen sich auf viele Besucher aus Kirch- und Pohl-G\u00f6ns bzw. Ehreng\u00e4ste. Unter anderem haben sich der Hessische Innenminister, Prof. Dr. Roman Poseck, der Landrat des Wetteraukreises, Jan Weckler, B\u00fcrgermeister a. D. Michael Merle und Neu-B\u00fcrgermeister Sascha Huber, sowie weitere Politgr\u00f6\u00dfen, angek\u00fcndigt. Im Zuge der Vorbereitungen zu der Feierstunde des n\u00f6rdlichsten Butzbacher Stadtteils haben die Ausschussmitglieder ein Rahmenprogramm geschaffen, dass f\u00fcr Abwechslung sorgt. Neben Reden und Gru\u00dfworten, wird unter anderem der Kirch-G\u00f6nser Heimat- und Backhausverein, der Gospelchor \u201eLet it shine\u201c des \u00f6rtlichen Gesangvereins und eine Kindertanzgruppe (Power-Kids) des TV Kirch-\/ und Pohl-G\u00f6ns einen Auftritt haben. Ein besonderes Schmankerl wird der Auftritt des ehemaligen Fanfarenzuges der Kirch-G\u00f6nser Feuerwehr sein. Nach der Veranstaltung l\u00e4dt die Interessengemeinschaft zum oberhessischen Imbiss und Umtrunk in der Mehrzweckhalle ein. IG-Vorsitzender Tiedemann betonte gegen\u00fcber der BZ nochmals: \u201edass wir uns \u00fcber jeden Besucher freuen und hoffen, dass wir viele Teilnehmer \u2013 auch ehemalige Kirch-G\u00f6nser &#8211; zu unserem Event begr\u00fc\u00dfen d\u00fcrfen\u201c. Vor der akademischen Feier findet am 14.00 Uhr am Kirch-G\u00f6nser Friedhof eine Totenehrung statt. Die Fahnentr\u00e4ger der einzelnen Ortsvereine werden hier neben dem IG-Vorstand, Ortsbeirat und Pfarrer David Lieder an die Verstorbenen gedenken. Auch hier ist die Bev\u00f6lkerung recht herzlich zur Teilnahme eingeladen.<br>\u00a0<br>\u00a0<\/p>\n","protected":false},"excerpt":{"rendered":"<p>(Mz.) Am Samstag, 22. M\u00e4rz 2025, 16.00 Uhr, l\u00e4dt die Interessengemeinschaft der Kirch-G\u00f6nser Vereine und Gruppen e. V. zu der Akademischen Feier, anl\u00e4sslich des 875-j\u00e4hrigen Bestehens von Kirch-G\u00f6ns, in die Mehrzweckhalle Kirch-\/Pohl-G\u00f6ns ein. Die Dauer der \u00f6ffentlichen Veranstaltung wird mit ca. zweieinhalb Stunden, wobei eine zehnmin\u00fctige Pause eingelegt wird, geplant. IG-Vorsitzender Michael Tiedemann und der &#8230; <a title=\"Akademische Feier zum 875-j\u00e4hrigen Jubil\u00e4um\" class=\"read-more\" href=\"http:\/\/875jahrekirchgoens.de\/?p=16318\" aria-label=\"Mehr Informationen \u00fcber Akademische Feier zum 875-j\u00e4hrigen Jubil\u00e4um\">Weiterlesen<\/a><\/p>\n","protected":false},"author":1,"featured_media":0,"comment_status":"closed","ping_status":"open","sticky":false,"template":"","format":"standard","meta":{"footnotes":""},"categories":[1],"tags":[],"class_list":["post-16318","post","type-post","status-publish","format-standard","hentry","category-infos"],"_links":{"self":[{"href":"http:\/\/875jahrekirchgoens.de\/index.php?rest_route=\/wp\/v2\/posts\/16318","targetHints":{"allow":["GET"]}}],"collection":[{"href":"http:\/\/875jahrekirchgoens.de\/index.php?rest_route=\/wp\/v2\/posts"}],"about":[{"href":"http:\/\/875jahrekirchgoens.de\/index.php?rest_route=\/wp\/v2\/types\/post"}],"author":[{"embeddable":true,"href":"http:\/\/875jahrekirchgoens.de\/index.php?rest_route=\/wp\/v2\/users\/1"}],"replies":[{"embeddable":true,"href":"http:\/\/875jahrekirchgoens.de\/index.php?rest_route=%2Fwp%2Fv2%2Fcomments&post=16318"}],"version-history":[{"count":1,"href":"http:\/\/875jahrekirchgoens.de\/index.php?rest_route=\/wp\/v2\/posts\/16318\/revisions"}],"predecessor-version":[{"id":16319,"href":"http:\/\/875jahrekirchgoens.de\/index.php?rest_route=\/wp\/v2\/posts\/16318\/revisions\/16319"}],"wp:attachment":[{"href":"http:\/\/875jahrekirchgoens.de\/index.php?rest_route=%2Fwp%2Fv2%2Fmedia&parent=16318"}],"wp:term":[{"taxonomy":"category","embeddable":true,"href":"http:\/\/875jahrekirchgoens.de\/index.php?rest_route=%2Fwp%2Fv2%2Fcategories&post=16318"},{"taxonomy":"post_tag","embeddable":true,"href":"http:\/\/875jahrekirchgoens.de\/index.php?rest_route=%2Fwp%2Fv2%2Ftags&post=16318"}],"curies":[{"name":"wp","href":"https:\/\/api.w.org\/{rel}","templated":true}]}}