{"id":16337,"date":"2025-03-28T09:50:41","date_gmt":"2025-03-28T09:50:41","guid":{"rendered":"http:\/\/875jahrekirchgoens.de\/?p=16337"},"modified":"2025-03-28T09:50:41","modified_gmt":"2025-03-28T09:50:41","slug":"totenehrung-zum-875jaehrigen-jubilaeum","status":"publish","type":"post","link":"http:\/\/875jahrekirchgoens.de\/?p=16337","title":{"rendered":"Totenehrung zum 875j\u00e4hrigen Jubil\u00e4um"},"content":{"rendered":"\n<p>Anl\u00e4sslich des 875-j\u00e4hrigen Jubil\u00e4ums des n\u00f6rdlichen Stadtteils von Butzbach fand am vergangenen Samstagmittag eine Totenehrung auf dem Kirch-G\u00f6nser Friedhof statt. Gedacht wurde aller gefallener Kirch-G\u00f6nser aus dem 1. und 2. Weltkrieg, aller verstorbenen Vereinsmitglieder und Kirch-G\u00f6nser. Die Vereinsvertreter der einzelnen Ortsvereine pr\u00e4sentierten sich mit ihren Vereinsfahnen. Michael Tiedemann (IG-Vorstand) und Stefan Euler (Ortsbeirat) hielten eine Gedenkrede. Von Pfarrer David Lieder folgte ebenfalls eine Ansprache. Im Anschluss daran legten der 1. Vorsitzende der Interessengemeinschaft, Michael Tiedemann, sowie der Ortsbeiratsvorsitzender Stefan Euler einen Ehrenkranz nieder. Musikalisch begleitet wurde die Totenehrung von Frank Mader und Michael Thate.<\/p>\n\n\n\n<figure class=\"wp-block-gallery has-nested-images columns-default is-cropped wp-block-gallery-1 is-layout-flex wp-block-gallery-is-layout-flex\">\n<figure class=\"wp-block-image size-large\"><img loading=\"lazy\" decoding=\"async\" width=\"1024\" height=\"576\" data-id=\"16339\" src=\"http:\/\/875jahrekirchgoens.de\/wp-content\/uploads\/2025\/03\/2025-03-22.03.25-IG-Vorstand-1024x576.jpg\" alt=\"\" class=\"wp-image-16339\" srcset=\"http:\/\/875jahrekirchgoens.de\/wp-content\/uploads\/2025\/03\/2025-03-22.03.25-IG-Vorstand-1024x576.jpg 1024w, http:\/\/875jahrekirchgoens.de\/wp-content\/uploads\/2025\/03\/2025-03-22.03.25-IG-Vorstand-300x169.jpg 300w, http:\/\/875jahrekirchgoens.de\/wp-content\/uploads\/2025\/03\/2025-03-22.03.25-IG-Vorstand-768x432.jpg 768w, http:\/\/875jahrekirchgoens.de\/wp-content\/uploads\/2025\/03\/2025-03-22.03.25-IG-Vorstand-1536x864.jpg 1536w, http:\/\/875jahrekirchgoens.de\/wp-content\/uploads\/2025\/03\/2025-03-22.03.25-IG-Vorstand-2048x1152.jpg 2048w\" sizes=\"auto, (max-width: 1024px) 100vw, 1024px\" \/><figcaption class=\"wp-element-caption\">Zum Gedenken an die Verstorbenen hielten Stefan Euler (l.) und Michael Tiedemann (M.) eine Gedenkrede. Rechts die Musiker Frank Mader und Michael Thate.<\/figcaption><\/figure>\n\n\n\n<figure class=\"wp-block-image size-large\"><img loading=\"lazy\" decoding=\"async\" width=\"1024\" height=\"576\" data-id=\"16338\" src=\"http:\/\/875jahrekirchgoens.de\/wp-content\/uploads\/2025\/03\/2025-03-22.03.25-Totenehrung-Vereine-1024x576.jpg\" alt=\"\" class=\"wp-image-16338\" srcset=\"http:\/\/875jahrekirchgoens.de\/wp-content\/uploads\/2025\/03\/2025-03-22.03.25-Totenehrung-Vereine-1024x576.jpg 1024w, http:\/\/875jahrekirchgoens.de\/wp-content\/uploads\/2025\/03\/2025-03-22.03.25-Totenehrung-Vereine-300x169.jpg 300w, http:\/\/875jahrekirchgoens.de\/wp-content\/uploads\/2025\/03\/2025-03-22.03.25-Totenehrung-Vereine-768x432.jpg 768w, http:\/\/875jahrekirchgoens.de\/wp-content\/uploads\/2025\/03\/2025-03-22.03.25-Totenehrung-Vereine-1536x864.jpg 1536w, http:\/\/875jahrekirchgoens.de\/wp-content\/uploads\/2025\/03\/2025-03-22.03.25-Totenehrung-Vereine-2048x1152.jpg 2048w\" sizes=\"auto, (max-width: 1024px) 100vw, 1024px\" \/><figcaption class=\"wp-element-caption\">Fahnentr\u00e4ger der \u00f6rtlichen Vereine<\/figcaption><\/figure>\n<\/figure>\n\n\n\n<p>Bilder: Andrea Bergens \/ Kirch-G\u00f6ns<\/p>\n","protected":false},"excerpt":{"rendered":"<p>Anl\u00e4sslich des 875-j\u00e4hrigen Jubil\u00e4ums des n\u00f6rdlichen Stadtteils von Butzbach fand am vergangenen Samstagmittag eine Totenehrung auf dem Kirch-G\u00f6nser Friedhof statt. Gedacht wurde aller gefallener Kirch-G\u00f6nser aus dem 1. und 2. Weltkrieg, aller verstorbenen Vereinsmitglieder und Kirch-G\u00f6nser. Die Vereinsvertreter der einzelnen Ortsvereine pr\u00e4sentierten sich mit ihren Vereinsfahnen. Michael Tiedemann (IG-Vorstand) und Stefan Euler (Ortsbeirat) hielten eine &#8230; <a title=\"Totenehrung zum 875j\u00e4hrigen Jubil\u00e4um\" class=\"read-more\" href=\"http:\/\/875jahrekirchgoens.de\/?p=16337\" aria-label=\"Mehr Informationen \u00fcber Totenehrung zum 875j\u00e4hrigen Jubil\u00e4um\">Weiterlesen<\/a><\/p>\n","protected":false},"author":1,"featured_media":0,"comment_status":"closed","ping_status":"open","sticky":false,"template":"","format":"standard","meta":{"footnotes":""},"categories":[1],"tags":[],"class_list":["post-16337","post","type-post","status-publish","format-standard","hentry","category-infos"],"_links":{"self":[{"href":"http:\/\/875jahrekirchgoens.de\/index.php?rest_route=\/wp\/v2\/posts\/16337","targetHints":{"allow":["GET"]}}],"collection":[{"href":"http:\/\/875jahrekirchgoens.de\/index.php?rest_route=\/wp\/v2\/posts"}],"about":[{"href":"http:\/\/875jahrekirchgoens.de\/index.php?rest_route=\/wp\/v2\/types\/post"}],"author":[{"embeddable":true,"href":"http:\/\/875jahrekirchgoens.de\/index.php?rest_route=\/wp\/v2\/users\/1"}],"replies":[{"embeddable":true,"href":"http:\/\/875jahrekirchgoens.de\/index.php?rest_route=%2Fwp%2Fv2%2Fcomments&post=16337"}],"version-history":[{"count":1,"href":"http:\/\/875jahrekirchgoens.de\/index.php?rest_route=\/wp\/v2\/posts\/16337\/revisions"}],"predecessor-version":[{"id":16340,"href":"http:\/\/875jahrekirchgoens.de\/index.php?rest_route=\/wp\/v2\/posts\/16337\/revisions\/16340"}],"wp:attachment":[{"href":"http:\/\/875jahrekirchgoens.de\/index.php?rest_route=%2Fwp%2Fv2%2Fmedia&parent=16337"}],"wp:term":[{"taxonomy":"category","embeddable":true,"href":"http:\/\/875jahrekirchgoens.de\/index.php?rest_route=%2Fwp%2Fv2%2Fcategories&post=16337"},{"taxonomy":"post_tag","embeddable":true,"href":"http:\/\/875jahrekirchgoens.de\/index.php?rest_route=%2Fwp%2Fv2%2Ftags&post=16337"}],"curies":[{"name":"wp","href":"https:\/\/api.w.org\/{rel}","templated":true}]}}