{"id":16359,"date":"2025-03-10T10:49:57","date_gmt":"2025-03-10T10:49:57","guid":{"rendered":"http:\/\/875jahrekirchgoens.de\/?p=16359"},"modified":"2025-03-28T10:52:59","modified_gmt":"2025-03-28T10:52:59","slug":"steffen-haeuser-neuer-vorsitzender","status":"publish","type":"post","link":"http:\/\/875jahrekirchgoens.de\/?p=16359","title":{"rendered":"Steffen H\u00e4user neuer Vorsitzender"},"content":{"rendered":"\n<p><em>Nachfolger von Markus Mohr bei der Feuerwehr Kirch-G\u00f6ns gew\u00e4hlt<\/em><\/p>\n\n\n\n<p>Seit Freitag hat die Feuerwehr Kirch-G\u00f6ns einen neuen Vorsitzenden. Weil Markus Mohr nach 24 Jahren in diesem Ant nicht erneut kandidierte, hat sich die Versammlung f\u00fcr Steffen H\u00e4user entschieden, der bislang als Kassenwart fungierte. Mohr erkl\u00e4rte, er \u00fcbergebe das Amt in j\u00fcngere H\u00e4nde mit einem soliden Verein, der mit seiner Finanzst\u00e4rke und seinen Netzwerken seinesgleichen sucht, um die Einsatzabteilung im bew\u00e4hrten Umfang zu unterst\u00fctzen. Mohr hoffte, dass die Kirch-G\u00f6nser Feuerwehrleute aus dem kleinen \u201egallischen Dorf\u201c unbeugsam bleiben, die f\u00fcr den einen oder anderen unangenehm werden k\u00f6nnen, aber, wenn es darauf ankommt, jeden Einsatz bew\u00e4ltigen. Niko Diehl wurde zum Kassenwart und Andrea Bergens zur zweiten Schriftf\u00fchrerin gew\u00e4hlt. F\u00fcr Stefan Lex wurde Angela Frey als Kassenpr\u00fcferin gew\u00e4hlt. Die Versammlung beschloss, Mohr die Bezeichnung Ehrenvorsitzender zu verleihen. F\u00fcr 25j\u00e4hrige Mitgliedschaft wurde Rainer D\u00e4mon geehrt, ferner J\u00fcrgen R\u00fchl und J\u00fcrgen Fuchs f\u00fcr je 50 Jahre passive Mitgliedschaft. Eine Anerkennungspr\u00e4mie f\u00fcr 30 Jahre aktiven Dienst nahm Sven Daniel entgegen. Erwin Reinhard erhielt die Bandschnalle in Gold vom Bundesverband der Deutschen Musikvereine von Sabine Lex (Vorsitzende Musikzug) und Heidrun Diehl. Die Bandschnalle in Silber erhielt Franziska M\u00fcller. Zum Oberl\u00f6schmeister wurden Andrea Bergens und Jannis Winter bef\u00f6rdert. Das Gedenken an die verstorbenen Mitglieder umrahmte Frank Mader musikalisch. Markus Mohr berichtete, dass der Verein 322 Mitglieder habe. F\u00fcnf Neumitglieder wurden geworben. Mohr nannte das Sommerfest und Teilnahme am Kreisfeuerwehrverbandsfest in Gambach. Erfolgreich war die Feuerwehr beim Ortspokalschie\u00dfen des Sch\u00fctzenvereins Kirch-G\u00f6ns. Zum Jahresende wurde ein Grenzgang organisiert, zudem nahm eine Abordnung der Wehr am Wintervergn\u00fcgen der Partnerfeuerwehr Rosche-Prielip (Niedersachen) teil. Laut Wehrf\u00fchrer J\u00f6rg Winter hat die Einsatzabteilung 34 Mitglieder, darunter f\u00fcnf weibliche. 26 \u00dcbungseinheiten in Unterrichten und praktischen Einheiten sowie Sonder\u00fcbungen wurden absolviert. An Lehrg\u00e4ngen auf Kreis- und Landesebene nahmen Mitglieder der Einsatzabteilung teil. Zu 19 Eins\u00e4tzen wurde die Feuerwehr Kirch-G\u00f6ns alarmiert. Dar\u00fcber hinaus nahmen die Brandsch\u00fctzer an geselligen Veranstaltungen in der Umgebung teil. Winter monierte, dass kleine Baum\u00e4ngel am Feuerwehrhaus noch nicht behoben sind. Auch sei es der Stadt Butzbach immer noch nicht gelungen, f\u00fcr Reinigungspersonal f\u00fcr das Feuerwehrhaus zu sorgen. Erfreut war Winter, dass vermutlich im Juni das neue StLF 20V (Staffell\u00f6schfahrzeug) ausgeliefert wird. Bez\u00fcglich des Mannschaftstransportwagens (MTW) sei die Situation eher unbefriedigend. Jahr f\u00fcr Jahr wurden die geplanten Beschaffungen verschoben, sodass die Fahrzeuge oftmals in einem schwierigen Zustand seien und der Restwert immer geringer ausfalle. Winter w\u00fcnschte sich, dass das Engagement bei den Aktiven in allen Bereichen so bleibe und weitere Zug\u00e4nge in der Einsatzabteilung und im Feuerwehrverein und der Mini- und Jugendfeuerwehr. Ebenso erhoffe er sich rege Teilnahem an Lehrg\u00e4ngen und an der Einweisung in das neue Fahrzeug. Jugendwartin Larissa Winter berichtete, dass die Jugendfeuerwehr Anfang des Jahres aus neun Mitgliedern bestand. Erfreulicherweise war die Zahl auf 13 Mitglieder angewachsen. Inzwischen seien auch M\u00e4dchen hinzugekommen. 40 \u00dcbungseinheiten wurden absolviert. Themen warn Feuerwehrtechnik in Theorie und Praxis. Ein Highlight war die Stadtmeisterschaft Ende August. Die Jugendlichen erreichten Platz zwei hinter der gastgebenden Jugendfeuerwehr Hoch-Weisel. F\u00fcnf \u00dcbertritte aus der Minifeuerwehr waren zu verzeichnen. Mit Alexander Gnau als zweitem stellvertretenden Jugendwart ist das Team gewachsen. Zum Jahresabschluss wurde die Feuerwehr Buseck besucht, wo die Jugendlichen viele neue Fahrzeuge kennenlernten. Geplant ist ein Besuch bei der Firma Ziegler in Giengen, wo das neue StFL 20V besichtigt wird. Mit zwei Staffeln nimmt die Jugendwehr an den Stadtmeisterschaften Ende August in Griedel teil. Auf eine versprochene Unterst\u00fctzung des ehemaligen B\u00fcrgermeisters Michael Merle f\u00fcr die Weihnachtsfeier warte der Feuerwehrnachwuchs noch immer. Vom neuen Rathauschef Sascha Huber erwarte man sich wieder mehr Unterst\u00fctzung der Stadt. Tabea Mohr berichtete, die Mini-Feuerwehr sei 2024 mit sechs Kindern gestartet. Im Verlauf des Jahres wechselten f\u00fcnf Kinder in die Jugendfeuerwehr. Bis Jahresende wuchs die Minifeuerwehr an. Den Kids wurden spielerisch die wichtigen Grundlagen der Feuerwehr beigebracht. Beteiligt hat sich die Minifeuerwehr f\u00fcr das Sticker Stars Album. Mit Unterst\u00fctzung von Andrea Bergens wurde ein Film f\u00fcr den Online-Auftritt der Minifeuerwehren auf der Instergram-Seite der Jugendfeuerwehr der Stadt Butzbach erstellt. Den Abschluss 2024 bildete die Weihnachtsfeier 204 war laut Mohr ein sehr erfolgreiches Jahr mit der Gewinnung von Zuwachs. F\u00fcr den Musikzug war das Jahr ein eher trauriges, denn man musste von Helmut R\u00fchl f\u00fcr immer Abschied nehmen, so Vorsitzende Sabine Lex. Bei der 875-Jahrfeier Ende August werden die Musiker mit von der Partie sein. Verst\u00e4rkung bekommt der Musikzug von ehemaligen Musikern. Kassenwart Steffen H\u00e4user gab seinen Bericht ab. F\u00fcr die Kassenpr\u00fcfer Stefan Lex und Alexander Gnau erstatte Angela Frey den Bericht. F\u00fcr Sascha Huber war es die erste Teilnahme an einer Feuerwehr-Jahreshauptversammlung als B\u00fcrgermeister. Er merkte an, dass man sich nicht ausruhen k\u00f6nne, man m\u00fcsse stets um Weiterbildung bem\u00fcht sein. Er danke den Brandsch\u00fctzern f\u00fcr den Schutz der B\u00fcrgerschaft rund um die Uhr. Man k\u00f6nne am Standort Kirch-G\u00f6ns stolz auf eine schlagkr\u00e4ftige Truppe sein. Er sicherte der Wehr die Unterst\u00fctzung der Stadt zu. Ortsvorsteher Stefan Euler hoffte, dass sich in n\u00e4chster Zeit jungen Menschen finden, die sich f\u00fcr den Brandschutz engagieren. Die Kirch-G\u00f6nser Feuerwehr verrichte stadtweit einen gro\u00dfartigen Dienst. IG-Vorsitzender Michael Tiedemann stellte fest, dass die Kirch-G\u00f6nser Feuerwehr mittlerweile 114 Jahre alt ist, 24 Jahre vom scheidenden Vorsitzenden Markus Mohr gepr\u00e4gt wurde und das sie die anderen Ortsvereine bei Festen unterst\u00fctze. Andreas Litwin, stellvertretender Stadtbrandinspektor merkte an, dass in das zur Auslieferung stehende StLF 20V viel Zeit in die Planung investiert wurde. Neue Technik werde Einzug halten, den Standort Kirch-G\u00f6ns aufwerten. Dieter Winter, ehemaliger Wehrf\u00fchrer und Stadtbrandinspektor, sprach von einem richtigen Vorgehen am Standort Kirch-G\u00f6ns, an dem festgehalten werden solle. Er findet es beeindruckend, dass seine Enkel mittlerweile dem Vorstand angeh\u00f6rten. Gl\u00fcckw\u00fcnsche gab es auch vom TV-Vorsitzenden Thorsten Metz. Ein Video, zusammengestellt von Andrea Bergens, \u00fcber das vergangene Einsatz- und Gesch\u00e4ftsjahr, wurde vorgestellt. Zur Teilnahme der Feuerwehr am Wettbewerb eines Butzbacher Geldinstituts zum Thema Nachhaltigkeit wurde ebenfalls ein Video gezeigt.<\/p>\n\n\n\n<p>Quelle und Bilder: Butzbacher Zeitung vom 10. M\u00e4rz 2025<\/p>\n\n\n\n<figure class=\"wp-block-image size-full\"><img loading=\"lazy\" decoding=\"async\" width=\"605\" height=\"150\" src=\"http:\/\/875jahrekirchgoens.de\/wp-content\/uploads\/2025\/03\/ffw.png\" alt=\"\" class=\"wp-image-16360\" srcset=\"http:\/\/875jahrekirchgoens.de\/wp-content\/uploads\/2025\/03\/ffw.png 605w, http:\/\/875jahrekirchgoens.de\/wp-content\/uploads\/2025\/03\/ffw-300x74.png 300w\" sizes=\"auto, (max-width: 605px) 100vw, 605px\" \/><\/figure>\n\n\n\n<figure class=\"wp-block-gallery has-nested-images columns-default is-cropped wp-block-gallery-1 is-layout-flex wp-block-gallery-is-layout-flex\">\n<figure class=\"wp-block-image size-large\"><img loading=\"lazy\" decoding=\"async\" width=\"290\" height=\"134\" data-id=\"16361\" src=\"http:\/\/875jahrekirchgoens.de\/wp-content\/uploads\/2025\/03\/ffw1.png\" alt=\"\" class=\"wp-image-16361\"\/><\/figure>\n\n\n\n<figure class=\"wp-block-image size-large\"><img loading=\"lazy\" decoding=\"async\" width=\"264\" height=\"135\" data-id=\"16362\" src=\"http:\/\/875jahrekirchgoens.de\/wp-content\/uploads\/2025\/03\/ffw2.png\" alt=\"\" class=\"wp-image-16362\"\/><\/figure>\n<\/figure>\n\n\n\n<p>Das Foto (oben l.) zeigt Andrea Bergens und Jannis Winter (Bef\u00f6rderung zum Oberl\u00f6schmeister), Sven Daniel (hintere Reihe, 3 v. l.\/Anerkennungspr\u00e4mie) sowie (v. r.) Niclas Nern, Markus Mohr, Sebastian Nitsche, Sascha Huber, Moritz Otto und Andreas Litwin (l.) und Wehrf\u00fchrer J\u00f6rg Winter. Neu gew\u00e4hlte Vorstandsmitglieder sind (oben r., v. l.) Nico Diehl (Kassenwart), Andrea Bergens (zweite Schriftf\u00fchrerin) und Vorsitzenden Steffen H\u00e4user. Das Foto der Ehrung zeigt (unten l., v. l.) stellvertretenden Vorsitzenden J\u00f6rg Winter, Rainer D\u00e4mon (25 Jahre passiv), J\u00fcrgen R\u00fchl (50 Jahre passiv) und Markus Mohr. Das Foto der Ehrung der Musiker (unten r.) Sabine Lex, Franziska M\u00fcller, Erwin Reinhard und Heidrun Diehl.<br>\u00a0<\/p>\n","protected":false},"excerpt":{"rendered":"<p>Nachfolger von Markus Mohr bei der Feuerwehr Kirch-G\u00f6ns gew\u00e4hlt Seit Freitag hat die Feuerwehr Kirch-G\u00f6ns einen neuen Vorsitzenden. Weil Markus Mohr nach 24 Jahren in diesem Ant nicht erneut kandidierte, hat sich die Versammlung f\u00fcr Steffen H\u00e4user entschieden, der bislang als Kassenwart fungierte. Mohr erkl\u00e4rte, er \u00fcbergebe das Amt in j\u00fcngere H\u00e4nde mit einem soliden &#8230; <a title=\"Steffen H\u00e4user neuer Vorsitzender\" class=\"read-more\" href=\"http:\/\/875jahrekirchgoens.de\/?p=16359\" aria-label=\"Mehr Informationen \u00fcber Steffen H\u00e4user neuer Vorsitzender\">Weiterlesen<\/a><\/p>\n","protected":false},"author":1,"featured_media":0,"comment_status":"closed","ping_status":"open","sticky":false,"template":"","format":"standard","meta":{"footnotes":""},"categories":[1],"tags":[],"class_list":["post-16359","post","type-post","status-publish","format-standard","hentry","category-infos"],"_links":{"self":[{"href":"http:\/\/875jahrekirchgoens.de\/index.php?rest_route=\/wp\/v2\/posts\/16359","targetHints":{"allow":["GET"]}}],"collection":[{"href":"http:\/\/875jahrekirchgoens.de\/index.php?rest_route=\/wp\/v2\/posts"}],"about":[{"href":"http:\/\/875jahrekirchgoens.de\/index.php?rest_route=\/wp\/v2\/types\/post"}],"author":[{"embeddable":true,"href":"http:\/\/875jahrekirchgoens.de\/index.php?rest_route=\/wp\/v2\/users\/1"}],"replies":[{"embeddable":true,"href":"http:\/\/875jahrekirchgoens.de\/index.php?rest_route=%2Fwp%2Fv2%2Fcomments&post=16359"}],"version-history":[{"count":1,"href":"http:\/\/875jahrekirchgoens.de\/index.php?rest_route=\/wp\/v2\/posts\/16359\/revisions"}],"predecessor-version":[{"id":16363,"href":"http:\/\/875jahrekirchgoens.de\/index.php?rest_route=\/wp\/v2\/posts\/16359\/revisions\/16363"}],"wp:attachment":[{"href":"http:\/\/875jahrekirchgoens.de\/index.php?rest_route=%2Fwp%2Fv2%2Fmedia&parent=16359"}],"wp:term":[{"taxonomy":"category","embeddable":true,"href":"http:\/\/875jahrekirchgoens.de\/index.php?rest_route=%2Fwp%2Fv2%2Fcategories&post=16359"},{"taxonomy":"post_tag","embeddable":true,"href":"http:\/\/875jahrekirchgoens.de\/index.php?rest_route=%2Fwp%2Fv2%2Ftags&post=16359"}],"curies":[{"name":"wp","href":"https:\/\/api.w.org\/{rel}","templated":true}]}}