{"id":16366,"date":"2025-03-10T10:54:46","date_gmt":"2025-03-10T10:54:46","guid":{"rendered":"http:\/\/875jahrekirchgoens.de\/?p=16366"},"modified":"2025-03-28T10:55:22","modified_gmt":"2025-03-28T10:55:22","slug":"gesangverein-1862-kirch-goens-zieht-bilanz","status":"publish","type":"post","link":"http:\/\/875jahrekirchgoens.de\/?p=16366","title":{"rendered":"Gesangverein 1862 Kirch-G\u00f6ns zieht Bilanz"},"content":{"rendered":"\n<p>Am Freitag, 28. M\u00e4rz, findet um 20.00 Uhr die Jahreshauptversammlung des Gesangvereins 1862 Kirch-G\u00f6ns im B\u00fcrgerhaus Kirch-G\u00f6ns statt. Dazu sind alle aktiven und passiven Mitglieder herzlich eingeladen. Auf der Tagesordnung steht unter anderem der T\u00e4tigkeitsbericht, der Bericht des Schatzmeisters und der Kassenpr\u00fcfer, Ehrungen, Antr\u00e4ge und ein Ausblick auf das laufende und kommende Jahr. Antr\u00e4ge k\u00f6nnen bis zum 14. M\u00e4rz bei der Vorsitzenden Claudia Laiacker, Gartenstra\u00dfe 18, Kirch-G\u00f6ns, schriftlich eingereicht werden.<\/p>\n\n\n\n<p>Quelle: Butzbacher Zeitung vom 10. M\u00e4rz 2025<\/p>\n\n\n\n<p><br>\u00a0<\/p>\n","protected":false},"excerpt":{"rendered":"<p>Am Freitag, 28. M\u00e4rz, findet um 20.00 Uhr die Jahreshauptversammlung des Gesangvereins 1862 Kirch-G\u00f6ns im B\u00fcrgerhaus Kirch-G\u00f6ns statt. Dazu sind alle aktiven und passiven Mitglieder herzlich eingeladen. Auf der Tagesordnung steht unter anderem der T\u00e4tigkeitsbericht, der Bericht des Schatzmeisters und der Kassenpr\u00fcfer, Ehrungen, Antr\u00e4ge und ein Ausblick auf das laufende und kommende Jahr. Antr\u00e4ge k\u00f6nnen &#8230; <a title=\"Gesangverein 1862 Kirch-G\u00f6ns zieht Bilanz\" class=\"read-more\" href=\"http:\/\/875jahrekirchgoens.de\/?p=16366\" aria-label=\"Mehr Informationen \u00fcber Gesangverein 1862 Kirch-G\u00f6ns zieht Bilanz\">Weiterlesen<\/a><\/p>\n","protected":false},"author":1,"featured_media":0,"comment_status":"closed","ping_status":"open","sticky":false,"template":"","format":"standard","meta":{"footnotes":""},"categories":[1],"tags":[],"class_list":["post-16366","post","type-post","status-publish","format-standard","hentry","category-infos"],"_links":{"self":[{"href":"http:\/\/875jahrekirchgoens.de\/index.php?rest_route=\/wp\/v2\/posts\/16366","targetHints":{"allow":["GET"]}}],"collection":[{"href":"http:\/\/875jahrekirchgoens.de\/index.php?rest_route=\/wp\/v2\/posts"}],"about":[{"href":"http:\/\/875jahrekirchgoens.de\/index.php?rest_route=\/wp\/v2\/types\/post"}],"author":[{"embeddable":true,"href":"http:\/\/875jahrekirchgoens.de\/index.php?rest_route=\/wp\/v2\/users\/1"}],"replies":[{"embeddable":true,"href":"http:\/\/875jahrekirchgoens.de\/index.php?rest_route=%2Fwp%2Fv2%2Fcomments&post=16366"}],"version-history":[{"count":1,"href":"http:\/\/875jahrekirchgoens.de\/index.php?rest_route=\/wp\/v2\/posts\/16366\/revisions"}],"predecessor-version":[{"id":16367,"href":"http:\/\/875jahrekirchgoens.de\/index.php?rest_route=\/wp\/v2\/posts\/16366\/revisions\/16367"}],"wp:attachment":[{"href":"http:\/\/875jahrekirchgoens.de\/index.php?rest_route=%2Fwp%2Fv2%2Fmedia&parent=16366"}],"wp:term":[{"taxonomy":"category","embeddable":true,"href":"http:\/\/875jahrekirchgoens.de\/index.php?rest_route=%2Fwp%2Fv2%2Fcategories&post=16366"},{"taxonomy":"post_tag","embeddable":true,"href":"http:\/\/875jahrekirchgoens.de\/index.php?rest_route=%2Fwp%2Fv2%2Ftags&post=16366"}],"curies":[{"name":"wp","href":"https:\/\/api.w.org\/{rel}","templated":true}]}}