{"id":16369,"date":"2025-03-07T10:56:49","date_gmt":"2025-03-07T10:56:49","guid":{"rendered":"http:\/\/875jahrekirchgoens.de\/?p=16369"},"modified":"2025-03-28T10:57:42","modified_gmt":"2025-03-28T10:57:42","slug":"polonaise-durchs-ganze-haus","status":"publish","type":"post","link":"http:\/\/875jahrekirchgoens.de\/?p=16369","title":{"rendered":"Polonaise durchs ganze Haus"},"content":{"rendered":"\n<p>Am Dienstag feierten die Sch\u00fcler der G\u00f6nser Grundschule die lang ersehnte Fastnacht. Fast alle Sch\u00fcler kamen zu diesem Anlass verkleidet in die Schule, die an diesem Tag ganz im Zeichen des Faschings stand. Da wurden Polonaisen durch das gesamte Schulhaus gemacht. Es gab Stopptanz und Schokokuss-Wettessen, gesunde und auch etwas unges\u00fcndere Buffets. Es wurden Luftballons durch die Turnhalle transportiert beim Luftballontanz und die Klassen waren geschm\u00fcckt mit Luftschlangen und Girlanden. Durch die Flure hallten Faschingsschlager und typische Kindermusik. Es wurde gespielt, gelacht und getanzt. Es gab auch ruhigere Ecken f\u00fcr die Kinder, die mal etwas ausruhen mussten von dem ganzen Faschingstreiben. Auch die Sporthalle wurde genutzt. So hat die zweite Jahrgangsstufe in der Turnhalle etwa eine Modenschau pr\u00e4sentiert, einen speziellen Luftballontanz getanzt und am Ende sich noch an einem etwas ruhigeren Gemeinschaftsspiel probiert, welches auch verkleidet sehr viel Spa\u00df gemacht hat, wie die Schule berichtet.<\/p>\n\n\n\n<p>Quelle und Bild: Butzbacher Zeitung vom 7. M\u00e4rz 2025<\/p>\n\n\n\n<figure class=\"wp-block-image size-full\"><img loading=\"lazy\" decoding=\"async\" width=\"480\" height=\"242\" src=\"http:\/\/875jahrekirchgoens.de\/wp-content\/uploads\/2025\/03\/polonaise.png\" alt=\"\" class=\"wp-image-16370\" srcset=\"http:\/\/875jahrekirchgoens.de\/wp-content\/uploads\/2025\/03\/polonaise.png 480w, http:\/\/875jahrekirchgoens.de\/wp-content\/uploads\/2025\/03\/polonaise-300x151.png 300w\" sizes=\"auto, (max-width: 480px) 100vw, 480px\" \/><\/figure>\n","protected":false},"excerpt":{"rendered":"<p>Am Dienstag feierten die Sch\u00fcler der G\u00f6nser Grundschule die lang ersehnte Fastnacht. Fast alle Sch\u00fcler kamen zu diesem Anlass verkleidet in die Schule, die an diesem Tag ganz im Zeichen des Faschings stand. Da wurden Polonaisen durch das gesamte Schulhaus gemacht. Es gab Stopptanz und Schokokuss-Wettessen, gesunde und auch etwas unges\u00fcndere Buffets. Es wurden Luftballons &#8230; <a title=\"Polonaise durchs ganze Haus\" class=\"read-more\" href=\"http:\/\/875jahrekirchgoens.de\/?p=16369\" aria-label=\"Mehr Informationen \u00fcber Polonaise durchs ganze Haus\">Weiterlesen<\/a><\/p>\n","protected":false},"author":1,"featured_media":0,"comment_status":"closed","ping_status":"open","sticky":false,"template":"","format":"standard","meta":{"footnotes":""},"categories":[1],"tags":[],"class_list":["post-16369","post","type-post","status-publish","format-standard","hentry","category-infos"],"_links":{"self":[{"href":"http:\/\/875jahrekirchgoens.de\/index.php?rest_route=\/wp\/v2\/posts\/16369","targetHints":{"allow":["GET"]}}],"collection":[{"href":"http:\/\/875jahrekirchgoens.de\/index.php?rest_route=\/wp\/v2\/posts"}],"about":[{"href":"http:\/\/875jahrekirchgoens.de\/index.php?rest_route=\/wp\/v2\/types\/post"}],"author":[{"embeddable":true,"href":"http:\/\/875jahrekirchgoens.de\/index.php?rest_route=\/wp\/v2\/users\/1"}],"replies":[{"embeddable":true,"href":"http:\/\/875jahrekirchgoens.de\/index.php?rest_route=%2Fwp%2Fv2%2Fcomments&post=16369"}],"version-history":[{"count":1,"href":"http:\/\/875jahrekirchgoens.de\/index.php?rest_route=\/wp\/v2\/posts\/16369\/revisions"}],"predecessor-version":[{"id":16371,"href":"http:\/\/875jahrekirchgoens.de\/index.php?rest_route=\/wp\/v2\/posts\/16369\/revisions\/16371"}],"wp:attachment":[{"href":"http:\/\/875jahrekirchgoens.de\/index.php?rest_route=%2Fwp%2Fv2%2Fmedia&parent=16369"}],"wp:term":[{"taxonomy":"category","embeddable":true,"href":"http:\/\/875jahrekirchgoens.de\/index.php?rest_route=%2Fwp%2Fv2%2Fcategories&post=16369"},{"taxonomy":"post_tag","embeddable":true,"href":"http:\/\/875jahrekirchgoens.de\/index.php?rest_route=%2Fwp%2Fv2%2Ftags&post=16369"}],"curies":[{"name":"wp","href":"https:\/\/api.w.org\/{rel}","templated":true}]}}