{"id":16373,"date":"2025-03-04T10:59:53","date_gmt":"2025-03-04T10:59:53","guid":{"rendered":"http:\/\/875jahrekirchgoens.de\/?p=16373"},"modified":"2025-03-28T11:00:31","modified_gmt":"2025-03-28T11:00:31","slug":"anmeldung-zum-mittagstisch-4","status":"publish","type":"post","link":"http:\/\/875jahrekirchgoens.de\/?p=16373","title":{"rendered":"Anmeldung zum Mittagstisch"},"content":{"rendered":"\n<p>Am Mittwoch, 12. M\u00e4rz, findet der n\u00e4chste Miteinander-Mittagstisch (MiMit) im B\u00fcrgerhaus Kirch-G\u00f6ns statt. Die G\u00e4ste erwartet Heringssalat aus Rote-Bete-Matjes mit Pellkartoffeln und selbst gemachten Kr\u00e4ppeln. Anmeldungen sind noch bis Donnerstag, 6. M\u00e4rz \u00fcber das Gemeindeb\u00fcro m\u00f6glich. Entweder telefonisch unter 06033-60941 oder per E-Mail an gemeindebuero@evkpg,de. Au\u00dferhalb der B\u00fcrozeiten soll auf den Anrufbeantworter gesprochen werden.<\/p>\n\n\n\n<p>Quelle: Butzbacher Zeitung vom 4. M\u00e4rz 2025<\/p>\n","protected":false},"excerpt":{"rendered":"<p>Am Mittwoch, 12. M\u00e4rz, findet der n\u00e4chste Miteinander-Mittagstisch (MiMit) im B\u00fcrgerhaus Kirch-G\u00f6ns statt. Die G\u00e4ste erwartet Heringssalat aus Rote-Bete-Matjes mit Pellkartoffeln und selbst gemachten Kr\u00e4ppeln. Anmeldungen sind noch bis Donnerstag, 6. M\u00e4rz \u00fcber das Gemeindeb\u00fcro m\u00f6glich. Entweder telefonisch unter 06033-60941 oder per E-Mail an gemeindebuero@evkpg,de. Au\u00dferhalb der B\u00fcrozeiten soll auf den Anrufbeantworter gesprochen werden. Quelle: &#8230; <a title=\"Anmeldung zum Mittagstisch\" class=\"read-more\" href=\"http:\/\/875jahrekirchgoens.de\/?p=16373\" aria-label=\"Mehr Informationen \u00fcber Anmeldung zum Mittagstisch\">Weiterlesen<\/a><\/p>\n","protected":false},"author":1,"featured_media":0,"comment_status":"closed","ping_status":"open","sticky":false,"template":"","format":"standard","meta":{"footnotes":""},"categories":[1],"tags":[],"class_list":["post-16373","post","type-post","status-publish","format-standard","hentry","category-infos"],"_links":{"self":[{"href":"http:\/\/875jahrekirchgoens.de\/index.php?rest_route=\/wp\/v2\/posts\/16373","targetHints":{"allow":["GET"]}}],"collection":[{"href":"http:\/\/875jahrekirchgoens.de\/index.php?rest_route=\/wp\/v2\/posts"}],"about":[{"href":"http:\/\/875jahrekirchgoens.de\/index.php?rest_route=\/wp\/v2\/types\/post"}],"author":[{"embeddable":true,"href":"http:\/\/875jahrekirchgoens.de\/index.php?rest_route=\/wp\/v2\/users\/1"}],"replies":[{"embeddable":true,"href":"http:\/\/875jahrekirchgoens.de\/index.php?rest_route=%2Fwp%2Fv2%2Fcomments&post=16373"}],"version-history":[{"count":1,"href":"http:\/\/875jahrekirchgoens.de\/index.php?rest_route=\/wp\/v2\/posts\/16373\/revisions"}],"predecessor-version":[{"id":16374,"href":"http:\/\/875jahrekirchgoens.de\/index.php?rest_route=\/wp\/v2\/posts\/16373\/revisions\/16374"}],"wp:attachment":[{"href":"http:\/\/875jahrekirchgoens.de\/index.php?rest_route=%2Fwp%2Fv2%2Fmedia&parent=16373"}],"wp:term":[{"taxonomy":"category","embeddable":true,"href":"http:\/\/875jahrekirchgoens.de\/index.php?rest_route=%2Fwp%2Fv2%2Fcategories&post=16373"},{"taxonomy":"post_tag","embeddable":true,"href":"http:\/\/875jahrekirchgoens.de\/index.php?rest_route=%2Fwp%2Fv2%2Ftags&post=16373"}],"curies":[{"name":"wp","href":"https:\/\/api.w.org\/{rel}","templated":true}]}}