{"id":16376,"date":"2025-03-01T11:01:49","date_gmt":"2025-03-01T11:01:49","guid":{"rendered":"http:\/\/875jahrekirchgoens.de\/?p=16376"},"modified":"2025-03-28T11:02:23","modified_gmt":"2025-03-28T11:02:23","slug":"aufbau-zur-akademischen-feier","status":"publish","type":"post","link":"http:\/\/875jahrekirchgoens.de\/?p=16376","title":{"rendered":"Aufbau zur Akademischen Feier"},"content":{"rendered":"\n<p>(Mz.) Am Freitag, 21. M\u00e4rz 2025 findet ab 16.00 Uhr der Aufbau zur Akademischen Feier \u201e875 Jahre Kirch-G\u00f6ns\u201c in der Mehrzweckhalle Kirch-\/Pohl-G\u00f6ns statt. Am darauffolgenden Samstag findet ab 09.00 Uhr der weitere Aufbau statt. Beginn der Akademischen Feier ist um 16.00 Uhr am 22. M\u00e4rz 2025. Der Vorstand der Interessengemeinschaft der Kirch-G\u00f6nser Vereine und Gruppen weist darauf hin, dass die Bev\u00f6lkerung zur Teilnahme an der Akademischen Feier recht herzlich eingeladen ist.<\/p>\n","protected":false},"excerpt":{"rendered":"<p>(Mz.) Am Freitag, 21. M\u00e4rz 2025 findet ab 16.00 Uhr der Aufbau zur Akademischen Feier \u201e875 Jahre Kirch-G\u00f6ns\u201c in der Mehrzweckhalle Kirch-\/Pohl-G\u00f6ns statt. Am darauffolgenden Samstag findet ab 09.00 Uhr der weitere Aufbau statt. Beginn der Akademischen Feier ist um 16.00 Uhr am 22. M\u00e4rz 2025. Der Vorstand der Interessengemeinschaft der Kirch-G\u00f6nser Vereine und Gruppen &#8230; <a title=\"Aufbau zur Akademischen Feier\" class=\"read-more\" href=\"http:\/\/875jahrekirchgoens.de\/?p=16376\" aria-label=\"Mehr Informationen \u00fcber Aufbau zur Akademischen Feier\">Weiterlesen<\/a><\/p>\n","protected":false},"author":1,"featured_media":0,"comment_status":"closed","ping_status":"open","sticky":false,"template":"","format":"standard","meta":{"footnotes":""},"categories":[1],"tags":[],"class_list":["post-16376","post","type-post","status-publish","format-standard","hentry","category-infos"],"_links":{"self":[{"href":"http:\/\/875jahrekirchgoens.de\/index.php?rest_route=\/wp\/v2\/posts\/16376","targetHints":{"allow":["GET"]}}],"collection":[{"href":"http:\/\/875jahrekirchgoens.de\/index.php?rest_route=\/wp\/v2\/posts"}],"about":[{"href":"http:\/\/875jahrekirchgoens.de\/index.php?rest_route=\/wp\/v2\/types\/post"}],"author":[{"embeddable":true,"href":"http:\/\/875jahrekirchgoens.de\/index.php?rest_route=\/wp\/v2\/users\/1"}],"replies":[{"embeddable":true,"href":"http:\/\/875jahrekirchgoens.de\/index.php?rest_route=%2Fwp%2Fv2%2Fcomments&post=16376"}],"version-history":[{"count":1,"href":"http:\/\/875jahrekirchgoens.de\/index.php?rest_route=\/wp\/v2\/posts\/16376\/revisions"}],"predecessor-version":[{"id":16377,"href":"http:\/\/875jahrekirchgoens.de\/index.php?rest_route=\/wp\/v2\/posts\/16376\/revisions\/16377"}],"wp:attachment":[{"href":"http:\/\/875jahrekirchgoens.de\/index.php?rest_route=%2Fwp%2Fv2%2Fmedia&parent=16376"}],"wp:term":[{"taxonomy":"category","embeddable":true,"href":"http:\/\/875jahrekirchgoens.de\/index.php?rest_route=%2Fwp%2Fv2%2Fcategories&post=16376"},{"taxonomy":"post_tag","embeddable":true,"href":"http:\/\/875jahrekirchgoens.de\/index.php?rest_route=%2Fwp%2Fv2%2Ftags&post=16376"}],"curies":[{"name":"wp","href":"https:\/\/api.w.org\/{rel}","templated":true}]}}