{"id":16379,"date":"2023-03-27T11:04:00","date_gmt":"2023-03-27T11:04:00","guid":{"rendered":"http:\/\/875jahrekirchgoens.de\/?p=16379"},"modified":"2025-03-28T11:06:01","modified_gmt":"2025-03-28T11:06:01","slug":"ihre-goldene-konfirmation-feierten-in-pohl-goens","status":"publish","type":"post","link":"http:\/\/875jahrekirchgoens.de\/?p=16379","title":{"rendered":"Ihre goldene Konfirmation feierten in Pohl-G\u00f6ns"},"content":{"rendered":"\n<p>Die Konfirmationsjahrg\u00e4nge von 1971 und 1972 aus den Gemeinden Pohl- und Kirch-G\u00f6ns. In einem Festgottesdienst mit Pfarrer David Lieder. Die Konfirmationsjubilare aus Pohl-G\u00f6ns von 1971 sind: Irmtraud Probost, geborene Weigand und Burkhard Reuhl. Die Kirch-G\u00f6nser Jubilare von 1971: Brigitte H\u00e4user, geborene Kothe, Monika Hajdu, geborene Ebel, Brigitte Lex, geborene Weisheit, Bettina L\u00f6brich, geboren Pfeffer, Elke Nitsche, geborene Krausgrill, Irmtraud R\u00f6hrig, geborene D\u00e4mon, Sabine R\u00f6hrig, geborene Henkel, Klaus G\u00fcnter Baschek, Klaus-Peter Maiwald, Bernd Hildebrand, Rainer Meyer, Hans-J\u00fcrgen Nern, Gernot G\u00e4rtner und Gerold Weber. Die Jubilare aus Pohl-G\u00f6ns von 1972: Linda Eberlein, geborene Weise, Lorena Ki\u00dfler, geborene Freitag, Britta Kr\u00e4mer, geborene R\u00f6hrig, Sigrun Rademacher, geborene Jack, Harald Lukasch und Achim Morkel. Die Jubilare von 1972 aus Kirch-G\u00f6ns: Angela Brandenburger, geborene Zimmermann, Sabine Kraeft, geborene Laudt, Hanni Weller, geborene Eckhard, J\u00fcrgen H\u00e4user und Rolf Schulze.<\/p>\n\n\n\n<p>Quelle und Bilder: Butzbacher Zeitung vom 27. M\u00e4rz 2023<\/p>\n\n\n\n<figure class=\"wp-block-gallery has-nested-images columns-default is-cropped wp-block-gallery-1 is-layout-flex wp-block-gallery-is-layout-flex\">\n<figure class=\"wp-block-image size-large\"><img loading=\"lazy\" decoding=\"async\" width=\"756\" height=\"272\" data-id=\"16380\" src=\"http:\/\/875jahrekirchgoens.de\/wp-content\/uploads\/2025\/03\/konfi.png\" alt=\"\" class=\"wp-image-16380\" srcset=\"http:\/\/875jahrekirchgoens.de\/wp-content\/uploads\/2025\/03\/konfi.png 756w, http:\/\/875jahrekirchgoens.de\/wp-content\/uploads\/2025\/03\/konfi-300x108.png 300w\" sizes=\"auto, (max-width: 756px) 100vw, 756px\" \/><\/figure>\n\n\n\n<figure class=\"wp-block-image size-large\"><img loading=\"lazy\" decoding=\"async\" width=\"756\" height=\"270\" data-id=\"16381\" src=\"http:\/\/875jahrekirchgoens.de\/wp-content\/uploads\/2025\/03\/konfi1.png\" alt=\"\" class=\"wp-image-16381\" srcset=\"http:\/\/875jahrekirchgoens.de\/wp-content\/uploads\/2025\/03\/konfi1.png 756w, http:\/\/875jahrekirchgoens.de\/wp-content\/uploads\/2025\/03\/konfi1-300x107.png 300w\" sizes=\"auto, (max-width: 756px) 100vw, 756px\" \/><\/figure>\n<\/figure>\n","protected":false},"excerpt":{"rendered":"<p>Die Konfirmationsjahrg\u00e4nge von 1971 und 1972 aus den Gemeinden Pohl- und Kirch-G\u00f6ns. In einem Festgottesdienst mit Pfarrer David Lieder. Die Konfirmationsjubilare aus Pohl-G\u00f6ns von 1971 sind: Irmtraud Probost, geborene Weigand und Burkhard Reuhl. Die Kirch-G\u00f6nser Jubilare von 1971: Brigitte H\u00e4user, geborene Kothe, Monika Hajdu, geborene Ebel, Brigitte Lex, geborene Weisheit, Bettina L\u00f6brich, geboren Pfeffer, Elke &#8230; <a title=\"Ihre goldene Konfirmation feierten in Pohl-G\u00f6ns\" class=\"read-more\" href=\"http:\/\/875jahrekirchgoens.de\/?p=16379\" aria-label=\"Mehr Informationen \u00fcber Ihre goldene Konfirmation feierten in Pohl-G\u00f6ns\">Weiterlesen<\/a><\/p>\n","protected":false},"author":1,"featured_media":0,"comment_status":"closed","ping_status":"open","sticky":false,"template":"","format":"standard","meta":{"footnotes":""},"categories":[1],"tags":[],"class_list":["post-16379","post","type-post","status-publish","format-standard","hentry","category-infos"],"_links":{"self":[{"href":"http:\/\/875jahrekirchgoens.de\/index.php?rest_route=\/wp\/v2\/posts\/16379","targetHints":{"allow":["GET"]}}],"collection":[{"href":"http:\/\/875jahrekirchgoens.de\/index.php?rest_route=\/wp\/v2\/posts"}],"about":[{"href":"http:\/\/875jahrekirchgoens.de\/index.php?rest_route=\/wp\/v2\/types\/post"}],"author":[{"embeddable":true,"href":"http:\/\/875jahrekirchgoens.de\/index.php?rest_route=\/wp\/v2\/users\/1"}],"replies":[{"embeddable":true,"href":"http:\/\/875jahrekirchgoens.de\/index.php?rest_route=%2Fwp%2Fv2%2Fcomments&post=16379"}],"version-history":[{"count":1,"href":"http:\/\/875jahrekirchgoens.de\/index.php?rest_route=\/wp\/v2\/posts\/16379\/revisions"}],"predecessor-version":[{"id":16382,"href":"http:\/\/875jahrekirchgoens.de\/index.php?rest_route=\/wp\/v2\/posts\/16379\/revisions\/16382"}],"wp:attachment":[{"href":"http:\/\/875jahrekirchgoens.de\/index.php?rest_route=%2Fwp%2Fv2%2Fmedia&parent=16379"}],"wp:term":[{"taxonomy":"category","embeddable":true,"href":"http:\/\/875jahrekirchgoens.de\/index.php?rest_route=%2Fwp%2Fv2%2Fcategories&post=16379"},{"taxonomy":"post_tag","embeddable":true,"href":"http:\/\/875jahrekirchgoens.de\/index.php?rest_route=%2Fwp%2Fv2%2Ftags&post=16379"}],"curies":[{"name":"wp","href":"https:\/\/api.w.org\/{rel}","templated":true}]}}