{"id":16384,"date":"2022-03-24T11:08:00","date_gmt":"2022-03-24T11:08:00","guid":{"rendered":"http:\/\/875jahrekirchgoens.de\/?p=16384"},"modified":"2025-03-28T11:11:54","modified_gmt":"2025-03-28T11:11:54","slug":"kirch-goenser-wanderer-am-goldenen-brueckelchen","status":"publish","type":"post","link":"http:\/\/875jahrekirchgoens.de\/?p=16384","title":{"rendered":"Kirch-G\u00f6nser Wanderer am \u201eGoldenen Br\u00fcckelchen\u201c"},"content":{"rendered":"\n<p><em>Tour des WRC 97 Kirch-G\u00f6ns f\u00fchrt in Grenzgebiet zu Langg\u00f6ns<\/em><\/p>\n\n\n\n<p>27 Teilnehmer trafen sich am Sonntag am Kirch-G\u00f6nser Bahnhof und starteten nach der Begr\u00fc\u00dfung von Vorstandsmitglied Anita Schwientek zur Wanderung. Die Grenze zwischen Kirch-G\u00f6ns und Langg\u00f6ns war Zeil des WRC 97 Kirch-G\u00f6ns, im Kirch-G\u00f6nser Volksmund bekannt als \u201eRehtreppchen\u201c. Das \u201eGoldene Br\u00fcckelchen\u201c trennt die Junge Mark vom Pfarrwald. Bevor diese Br\u00fccke gebaut wurde, nannte man diesen Taleinschnitt \u201eDas tr\u00fcbe Loch\u201c. Es war eine tr\u00fcbe nasse Lache im Wald. Wann das \u201eGoldene Br\u00fcckelchen\u201c gebaut wurde, ist bis heute nicht bekannt. Es war und ist immer noch ein beliebtes Ausflugsziel. Im Herbst, wann die Baumkronen der Eichen und Buchen lichter werden und die Sonnenstrahlen die kleine Holzbr\u00fccke bescheinen, leuchtet das auf ihr liegende Laub goldgelb. \u201eSo wird das Br\u00fcckelchen\u201c wohl zu seinem Namen gekommen sein, vermutet der Heimatforscher Otto Berndt aus Langg\u00f6ns. Die Junge Mark geh\u00f6rte fr\u00fcher zur Gemeinde Kirch-G\u00f6ns.<\/p>\n\n\n\n<p>Ein Gro\u00dfbrand im Jahre 1690, der 150 Geb\u00e4ude in Langg\u00f6ns vernichtete, und die Gemeinde verarmte, war Anlass das die Kirch-G\u00f6nser den Langg\u00f6nsern die Junge Mark vermachten. Im Jahr 2020 wurde die Br\u00fccke von der Gemeinde Langg\u00f6ns neu errichtet. Die Wanderung f\u00fchrte im Anschluss zum Waldhaus im Gambacher Wald. Irmtraud Lerch erfreute die Teilnehmer mit einem Liedbeitrag, Helmut R\u00fchl zeigte auf einem \u00d6lgem\u00e4lde von Willi Jung, Realschullehrer aus Kirch-G\u00f6ns, wie das \u201eRehtreppchen \/ Goldene Br\u00fcckelchen\u201c im Jahre 1979 aussah.<\/p>\n\n\n\n<p>Quelle und Bild: Butzbacher Zeitung vom 24. M\u00e4rz 2022<\/p>\n\n\n\n<figure class=\"wp-block-image size-full\"><img loading=\"lazy\" decoding=\"async\" width=\"314\" height=\"229\" src=\"http:\/\/875jahrekirchgoens.de\/wp-content\/uploads\/2025\/03\/24.03.2022.png\" alt=\"\" class=\"wp-image-16385\" srcset=\"http:\/\/875jahrekirchgoens.de\/wp-content\/uploads\/2025\/03\/24.03.2022.png 314w, http:\/\/875jahrekirchgoens.de\/wp-content\/uploads\/2025\/03\/24.03.2022-300x219.png 300w\" sizes=\"auto, (max-width: 314px) 100vw, 314px\" \/><\/figure>\n","protected":false},"excerpt":{"rendered":"<p>Tour des WRC 97 Kirch-G\u00f6ns f\u00fchrt in Grenzgebiet zu Langg\u00f6ns 27 Teilnehmer trafen sich am Sonntag am Kirch-G\u00f6nser Bahnhof und starteten nach der Begr\u00fc\u00dfung von Vorstandsmitglied Anita Schwientek zur Wanderung. Die Grenze zwischen Kirch-G\u00f6ns und Langg\u00f6ns war Zeil des WRC 97 Kirch-G\u00f6ns, im Kirch-G\u00f6nser Volksmund bekannt als \u201eRehtreppchen\u201c. Das \u201eGoldene Br\u00fcckelchen\u201c trennt die Junge Mark &#8230; <a title=\"Kirch-G\u00f6nser Wanderer am \u201eGoldenen Br\u00fcckelchen\u201c\" class=\"read-more\" href=\"http:\/\/875jahrekirchgoens.de\/?p=16384\" aria-label=\"Mehr Informationen \u00fcber Kirch-G\u00f6nser Wanderer am \u201eGoldenen Br\u00fcckelchen\u201c\">Weiterlesen<\/a><\/p>\n","protected":false},"author":1,"featured_media":0,"comment_status":"closed","ping_status":"open","sticky":false,"template":"","format":"standard","meta":{"footnotes":""},"categories":[1],"tags":[],"class_list":["post-16384","post","type-post","status-publish","format-standard","hentry","category-infos"],"_links":{"self":[{"href":"http:\/\/875jahrekirchgoens.de\/index.php?rest_route=\/wp\/v2\/posts\/16384","targetHints":{"allow":["GET"]}}],"collection":[{"href":"http:\/\/875jahrekirchgoens.de\/index.php?rest_route=\/wp\/v2\/posts"}],"about":[{"href":"http:\/\/875jahrekirchgoens.de\/index.php?rest_route=\/wp\/v2\/types\/post"}],"author":[{"embeddable":true,"href":"http:\/\/875jahrekirchgoens.de\/index.php?rest_route=\/wp\/v2\/users\/1"}],"replies":[{"embeddable":true,"href":"http:\/\/875jahrekirchgoens.de\/index.php?rest_route=%2Fwp%2Fv2%2Fcomments&post=16384"}],"version-history":[{"count":1,"href":"http:\/\/875jahrekirchgoens.de\/index.php?rest_route=\/wp\/v2\/posts\/16384\/revisions"}],"predecessor-version":[{"id":16386,"href":"http:\/\/875jahrekirchgoens.de\/index.php?rest_route=\/wp\/v2\/posts\/16384\/revisions\/16386"}],"wp:attachment":[{"href":"http:\/\/875jahrekirchgoens.de\/index.php?rest_route=%2Fwp%2Fv2%2Fmedia&parent=16384"}],"wp:term":[{"taxonomy":"category","embeddable":true,"href":"http:\/\/875jahrekirchgoens.de\/index.php?rest_route=%2Fwp%2Fv2%2Fcategories&post=16384"},{"taxonomy":"post_tag","embeddable":true,"href":"http:\/\/875jahrekirchgoens.de\/index.php?rest_route=%2Fwp%2Fv2%2Ftags&post=16384"}],"curies":[{"name":"wp","href":"https:\/\/api.w.org\/{rel}","templated":true}]}}