{"id":16387,"date":"2022-04-13T11:29:00","date_gmt":"2022-04-13T11:29:00","guid":{"rendered":"http:\/\/875jahrekirchgoens.de\/?p=16387"},"modified":"2025-03-28T11:35:10","modified_gmt":"2025-03-28T11:35:10","slug":"im-jubilaeumsjahr-faehrt-der-wrc-kirch-goens-in-die-ortenau","status":"publish","type":"post","link":"http:\/\/875jahrekirchgoens.de\/?p=16387","title":{"rendered":"Im Jubil\u00e4umsjahr f\u00e4hrt der WRC Kirch-G\u00f6ns in die Ortenau"},"content":{"rendered":"\n<p>Auf 25-j\u00e4hriges Bestehen kann der WRC 97 in diesem Jahr mit Stolz zur\u00fcckblicken. Wie in all den Jahren zuvor findet \u00fcber die Pfingstfeiertage eine Rad- und Wander-Exkursion statt. Ziel ist die Ortenau. Der Ortenaukreis ist der fl\u00e4chengr\u00f6\u00dfte Landkreis in Baden-W\u00fcrttemberg. Kreisstadt ist Offenburg. Weitere bekannte Orte sind Achern, Kehl, Lahr\/Schwarzwald und Oberkirch. Hier stehen Rad- und Wandertouren auf dem Programm. Auch eine Besichtigung mit Bootsfahrt in Strassburg, Weinprobe in Achern und eine Fahrt zur Hornisgrinde mit Mummelsee sind vorgesehen. Am Sonntag, 1. Mai, startet die Radwander-Saison mit einer Fahrt zum Butzbacher Forsthaus und anschlie\u00dfendem Ausklang in Kirch-G\u00f6ns. Treffpunkt ist um 10.00 Uhr an der Mehrzweckhalle Kirch-\/Pohl-G\u00f6ns. Aus organisatorischen Gr\u00fcnden wird um kurzfristige Anmeldung beim Vorsitzenden Aribert Rink gebeten. Am Freitag, 20. Mai, findet im B\u00fcrgerhaus eine Mitgliederversammlung statt. Die Versammlung beginnt um 19.00 Uhr mit einem gemeinsamen Essen. Auf der Tagesordnung steht unter anderem ein detaillierter Bericht\/Programm zur Pfingstfahrt. Hierzu sind auch die G\u00e4ste-Teilnehmer bzw. Nichtmitglieder eingeladen. Weitere Aktivit\u00e4ten im Jubil\u00e4umsjahr werden in der Mitgliederversammlung vorgeschlagen und besprochen.<\/p>\n\n\n\n<p>Quelle und Bild: Butzbacher Zeitung vom 13. April 2022<\/p>\n\n\n\n<figure class=\"wp-block-image size-full\"><img loading=\"lazy\" decoding=\"async\" width=\"256\" height=\"170\" src=\"http:\/\/875jahrekirchgoens.de\/wp-content\/uploads\/2025\/03\/13.04.2022.png\" alt=\"\" class=\"wp-image-16388\"\/><\/figure>\n","protected":false},"excerpt":{"rendered":"<p>Auf 25-j\u00e4hriges Bestehen kann der WRC 97 in diesem Jahr mit Stolz zur\u00fcckblicken. Wie in all den Jahren zuvor findet \u00fcber die Pfingstfeiertage eine Rad- und Wander-Exkursion statt. Ziel ist die Ortenau. Der Ortenaukreis ist der fl\u00e4chengr\u00f6\u00dfte Landkreis in Baden-W\u00fcrttemberg. Kreisstadt ist Offenburg. Weitere bekannte Orte sind Achern, Kehl, Lahr\/Schwarzwald und Oberkirch. Hier stehen Rad- &#8230; <a title=\"Im Jubil\u00e4umsjahr f\u00e4hrt der WRC Kirch-G\u00f6ns in die Ortenau\" class=\"read-more\" href=\"http:\/\/875jahrekirchgoens.de\/?p=16387\" aria-label=\"Mehr Informationen \u00fcber Im Jubil\u00e4umsjahr f\u00e4hrt der WRC Kirch-G\u00f6ns in die Ortenau\">Weiterlesen<\/a><\/p>\n","protected":false},"author":1,"featured_media":0,"comment_status":"closed","ping_status":"open","sticky":false,"template":"","format":"standard","meta":{"footnotes":""},"categories":[1],"tags":[],"class_list":["post-16387","post","type-post","status-publish","format-standard","hentry","category-infos"],"_links":{"self":[{"href":"http:\/\/875jahrekirchgoens.de\/index.php?rest_route=\/wp\/v2\/posts\/16387","targetHints":{"allow":["GET"]}}],"collection":[{"href":"http:\/\/875jahrekirchgoens.de\/index.php?rest_route=\/wp\/v2\/posts"}],"about":[{"href":"http:\/\/875jahrekirchgoens.de\/index.php?rest_route=\/wp\/v2\/types\/post"}],"author":[{"embeddable":true,"href":"http:\/\/875jahrekirchgoens.de\/index.php?rest_route=\/wp\/v2\/users\/1"}],"replies":[{"embeddable":true,"href":"http:\/\/875jahrekirchgoens.de\/index.php?rest_route=%2Fwp%2Fv2%2Fcomments&post=16387"}],"version-history":[{"count":1,"href":"http:\/\/875jahrekirchgoens.de\/index.php?rest_route=\/wp\/v2\/posts\/16387\/revisions"}],"predecessor-version":[{"id":16389,"href":"http:\/\/875jahrekirchgoens.de\/index.php?rest_route=\/wp\/v2\/posts\/16387\/revisions\/16389"}],"wp:attachment":[{"href":"http:\/\/875jahrekirchgoens.de\/index.php?rest_route=%2Fwp%2Fv2%2Fmedia&parent=16387"}],"wp:term":[{"taxonomy":"category","embeddable":true,"href":"http:\/\/875jahrekirchgoens.de\/index.php?rest_route=%2Fwp%2Fv2%2Fcategories&post=16387"},{"taxonomy":"post_tag","embeddable":true,"href":"http:\/\/875jahrekirchgoens.de\/index.php?rest_route=%2Fwp%2Fv2%2Ftags&post=16387"}],"curies":[{"name":"wp","href":"https:\/\/api.w.org\/{rel}","templated":true}]}}