{"id":16391,"date":"2022-05-25T13:44:00","date_gmt":"2022-05-25T13:44:00","guid":{"rendered":"http:\/\/875jahrekirchgoens.de\/?p=16391"},"modified":"2025-03-28T13:46:51","modified_gmt":"2025-03-28T13:46:51","slug":"wrc-kirch-goens-feierte-25-jaehriges-jubilaeum-und-ehrte-treue-mitglieder","status":"publish","type":"post","link":"http:\/\/875jahrekirchgoens.de\/?p=16391","title":{"rendered":"WRC Kirch-G\u00f6ns feierte 25-j\u00e4hriges Jubil\u00e4um und ehrte treue Mitglieder"},"content":{"rendered":"\n<p>In einer sehr gut besuchten Mitgliederversammlung des WRC Kirch-G\u00f6ns im B\u00fcrgerhaus standen das 25-j\u00e4hrige Vereinsjubil\u00e4um und Ehrungen im Mittelpunkt. Nach einem gemeinsamen Essen und der Begr\u00fc\u00dfung der Mitglieder durch den Vorsitzenden Aribert Rink wurden in einem kurzen R\u00fcckblick die verschiedenen Unternehmungen des WRC in Erinnerung gerufen. Highlights in der 25-j\u00e4hrigen Geschichte waren die Rad- und Wandertouren Passau-Wien, die Rhododendron-Bl\u00fcte im Ammerland, Weser mit Hameln, Rennsteig in Oberhof, Mosel, Steinhuder Meer, Taubertal, Altm\u00fchltal mit Kloster Weltenburg, M\u00fcritz, M\u00fcnsterland, Holl\u00e4ndische Grenze mit Emmerich und Bocholt, Lahn mit Bad Ems. Als Mitglied in der EVG (Europ\u00e4ische-Volkssport-Vereinigung) fanden einige Wanderveranstaltungen in Kirch-G\u00f6ns statt, u. a. am Hessentag in Butzbach. Walter M\u00fcller, der mittlerweile verstorben ist, war die treibende und ausf\u00fchrende Kraft. Seiner wurde noch einmal besonders gedacht. Erste Vorsitzende in der 25-j\u00e4hrigen Geschichte des WRC war Renate R\u00fchl, ihr folgten Klaus R\u00f6hrig, Helmut R\u00fchl und Aribert Ring. F\u00fcr 25 Jahre Vereinszugeh\u00f6rigkeit wurden geehrt: Renate R\u00fchl, Helmut R\u00fchl, Sabine R\u00f6hrig, Klaus R\u00f6hrig, Heidrun Diehl, Hans-J\u00fcrgen Diehl, Marianne M\u00fcller, Inge Schwarzer, Kurt Schwarzer, Sigrid Becker, Edgar Becker, Gerlinde Wilhelm, Norbert Wilhelm, Gisela Watz, Karin Hankel und Helmut Kothe. Ein weiterer Tagesordnungspunkt war die Vorschau auf die Rad- und Wandertour \u00fcber Pfingsten in die Ortenau. Auf dem Programm stehen unter anderem eine Bootsfahrt in Strassburg, Mummelsee mit Hornisgrinde, Baden-Baden, Allheiligen Wasserf\u00e4lle, Kappelrodeck mit Weinwanderungen und Flammkuchen-Essen sowie Bootsfahrt durch das Naturschutzgebiet Taubergie\u00dfen. Weitere f\u00fcr 2022 vorgesehene Aktivit\u00e4ten sind unter anderem Besuch des Stadtjubil\u00e4ums 850 Jahre Marburg, Weltkulturerbe Grube Messel, Radtour zur Gr\u00fcninger Warte (Hoingdeppe), Nationalpark Kellerwald\/Edersee, Wanderung Antonius Kloster\/Schwobachtal sowie gemeinsame Unternehmungen mit dem befreundeten Verein Taunusklub Butzbach und seinem Vorsitzenden Dieter Axmann. Die Versammlung endete mit einem regen Austausch \u00fcber die 25-j\u00e4hrige Geschichte des WRC.<\/p>\n\n\n\n<p>Quelle und Bild: Butzbacher Zeitung vom 25. Mai 2022<\/p>\n\n\n\n<figure class=\"wp-block-image size-full\"><img loading=\"lazy\" decoding=\"async\" width=\"305\" height=\"186\" src=\"http:\/\/875jahrekirchgoens.de\/wp-content\/uploads\/2025\/03\/25.05.2022.png\" alt=\"\" class=\"wp-image-16392\" srcset=\"http:\/\/875jahrekirchgoens.de\/wp-content\/uploads\/2025\/03\/25.05.2022.png 305w, http:\/\/875jahrekirchgoens.de\/wp-content\/uploads\/2025\/03\/25.05.2022-300x183.png 300w\" sizes=\"auto, (max-width: 305px) 100vw, 305px\" \/><\/figure>\n\n\n\n<p><br>\u00a0<\/p>\n","protected":false},"excerpt":{"rendered":"<p>In einer sehr gut besuchten Mitgliederversammlung des WRC Kirch-G\u00f6ns im B\u00fcrgerhaus standen das 25-j\u00e4hrige Vereinsjubil\u00e4um und Ehrungen im Mittelpunkt. Nach einem gemeinsamen Essen und der Begr\u00fc\u00dfung der Mitglieder durch den Vorsitzenden Aribert Rink wurden in einem kurzen R\u00fcckblick die verschiedenen Unternehmungen des WRC in Erinnerung gerufen. Highlights in der 25-j\u00e4hrigen Geschichte waren die Rad- und &#8230; <a title=\"WRC Kirch-G\u00f6ns feierte 25-j\u00e4hriges Jubil\u00e4um und ehrte treue Mitglieder\" class=\"read-more\" href=\"http:\/\/875jahrekirchgoens.de\/?p=16391\" aria-label=\"Mehr Informationen \u00fcber WRC Kirch-G\u00f6ns feierte 25-j\u00e4hriges Jubil\u00e4um und ehrte treue Mitglieder\">Weiterlesen<\/a><\/p>\n","protected":false},"author":1,"featured_media":0,"comment_status":"closed","ping_status":"open","sticky":false,"template":"","format":"standard","meta":{"footnotes":""},"categories":[1],"tags":[],"class_list":["post-16391","post","type-post","status-publish","format-standard","hentry","category-infos"],"_links":{"self":[{"href":"http:\/\/875jahrekirchgoens.de\/index.php?rest_route=\/wp\/v2\/posts\/16391","targetHints":{"allow":["GET"]}}],"collection":[{"href":"http:\/\/875jahrekirchgoens.de\/index.php?rest_route=\/wp\/v2\/posts"}],"about":[{"href":"http:\/\/875jahrekirchgoens.de\/index.php?rest_route=\/wp\/v2\/types\/post"}],"author":[{"embeddable":true,"href":"http:\/\/875jahrekirchgoens.de\/index.php?rest_route=\/wp\/v2\/users\/1"}],"replies":[{"embeddable":true,"href":"http:\/\/875jahrekirchgoens.de\/index.php?rest_route=%2Fwp%2Fv2%2Fcomments&post=16391"}],"version-history":[{"count":1,"href":"http:\/\/875jahrekirchgoens.de\/index.php?rest_route=\/wp\/v2\/posts\/16391\/revisions"}],"predecessor-version":[{"id":16393,"href":"http:\/\/875jahrekirchgoens.de\/index.php?rest_route=\/wp\/v2\/posts\/16391\/revisions\/16393"}],"wp:attachment":[{"href":"http:\/\/875jahrekirchgoens.de\/index.php?rest_route=%2Fwp%2Fv2%2Fmedia&parent=16391"}],"wp:term":[{"taxonomy":"category","embeddable":true,"href":"http:\/\/875jahrekirchgoens.de\/index.php?rest_route=%2Fwp%2Fv2%2Fcategories&post=16391"},{"taxonomy":"post_tag","embeddable":true,"href":"http:\/\/875jahrekirchgoens.de\/index.php?rest_route=%2Fwp%2Fv2%2Ftags&post=16391"}],"curies":[{"name":"wp","href":"https:\/\/api.w.org\/{rel}","templated":true}]}}