{"id":16394,"date":"2022-06-01T13:47:00","date_gmt":"2022-06-01T13:47:00","guid":{"rendered":"http:\/\/875jahrekirchgoens.de\/?p=16394"},"modified":"2025-03-28T13:50:21","modified_gmt":"2025-03-28T13:50:21","slug":"wander-und-radfahrclub-in-der-ortenau-strassburg-und-mummelsee","status":"publish","type":"post","link":"http:\/\/875jahrekirchgoens.de\/?p=16394","title":{"rendered":"Wander- und Radfahrclub in der Ortenau, Stra\u00dfburg und Mummelsee"},"content":{"rendered":"\n<p><em>Mehrtagesfahrt des Kirch-G\u00f6nser Vereins \/ Mit den Fahrr\u00e4dern unterwegs in Baden-Baden<\/em><\/p>\n\n\n\n<p>\u201eDiese Fahrt war ein Highlight in unserer 25j\u00e4hrigen Geschichte\u201c! Dies war der allgemeine Tenor der Teilnehmer des Kirch-G\u00f6nser Wander- und Radfahrclubs nach der Exkursion \u00fcber Pfingsten in die Ortenau, Stra\u00dfburg, Achern und Mummelsee. Das berichtete Vorsitzender Aribert Rink. \u00dcber die Schwarzwaldhochstra\u00dfe ging es zum Mummelsee und Hornisgrinde. Ein Teil der Teilnehmer unternahm eine Rundwanderung um den See w\u00e4hrend eine weitere Gruppe zur Hornisgrinde aufstieg, dem mit 1164 Meter h\u00f6chsten Berg des Nordschwarzwaldes. Am n\u00e4chsten Tag wurde Baden-Baden angesteuert. Dort trennten sich die Teilnehmer und unternahmen nach einer Stadtbesichtigung die R\u00fcckfahrt zum Hotel in Achern mit dem Rad oder mit dem Bus. Tag drei f\u00fchrte zu den Allheiligen-Wasserf\u00e4llen mit Besuch der Klosterruinen. Auf dem Winzerhof Doll in Kappelrodeck erl\u00e4uterte die Besitzerin verschiedene Weine in ihrer Beschaffenheit sowie dem Anbau.<\/p>\n\n\n\n<p>Der Sonntag stand ganz im Zeichen einer Erkundung von Stra\u00dfburg per Bootsfahrt. Vom Fluss aus konnte man das ber\u00fchmte Viertel Le Petite France, die Gerbereien, die gedeckten Br\u00fccken, die Neustadt und die europ\u00e4ischen Institutionen sehen. Am Abschlusstag f\u00fchrt die Fahrt nach Rust. Dort stand eine Bootsfahrt auf der Oberrheinaue im Naturschutzgebiet \u201eTaubergie\u00dfen\u201c auf dem Programm. \u00dcber Gengenbach im Kinzigtal ging die Reise zur\u00fcck in die Heimat.<\/p>\n\n\n\n<p>Quelle und Bild: Butzbacher Zeitung vom 1. Juli 2022<\/p>\n\n\n\n<figure class=\"wp-block-image size-full\"><img loading=\"lazy\" decoding=\"async\" width=\"283\" height=\"188\" src=\"http:\/\/875jahrekirchgoens.de\/wp-content\/uploads\/2025\/03\/01.06.2022.png\" alt=\"\" class=\"wp-image-16395\"\/><\/figure>\n\n\n\n<p><br>\u00a0<\/p>\n\n\n\n<p><\/p>\n","protected":false},"excerpt":{"rendered":"<p>Mehrtagesfahrt des Kirch-G\u00f6nser Vereins \/ Mit den Fahrr\u00e4dern unterwegs in Baden-Baden \u201eDiese Fahrt war ein Highlight in unserer 25j\u00e4hrigen Geschichte\u201c! Dies war der allgemeine Tenor der Teilnehmer des Kirch-G\u00f6nser Wander- und Radfahrclubs nach der Exkursion \u00fcber Pfingsten in die Ortenau, Stra\u00dfburg, Achern und Mummelsee. Das berichtete Vorsitzender Aribert Rink. \u00dcber die Schwarzwaldhochstra\u00dfe ging es zum &#8230; <a title=\"Wander- und Radfahrclub in der Ortenau, Stra\u00dfburg und Mummelsee\" class=\"read-more\" href=\"http:\/\/875jahrekirchgoens.de\/?p=16394\" aria-label=\"Mehr Informationen \u00fcber Wander- und Radfahrclub in der Ortenau, Stra\u00dfburg und Mummelsee\">Weiterlesen<\/a><\/p>\n","protected":false},"author":1,"featured_media":0,"comment_status":"closed","ping_status":"open","sticky":false,"template":"","format":"standard","meta":{"footnotes":""},"categories":[1],"tags":[],"class_list":["post-16394","post","type-post","status-publish","format-standard","hentry","category-infos"],"_links":{"self":[{"href":"http:\/\/875jahrekirchgoens.de\/index.php?rest_route=\/wp\/v2\/posts\/16394","targetHints":{"allow":["GET"]}}],"collection":[{"href":"http:\/\/875jahrekirchgoens.de\/index.php?rest_route=\/wp\/v2\/posts"}],"about":[{"href":"http:\/\/875jahrekirchgoens.de\/index.php?rest_route=\/wp\/v2\/types\/post"}],"author":[{"embeddable":true,"href":"http:\/\/875jahrekirchgoens.de\/index.php?rest_route=\/wp\/v2\/users\/1"}],"replies":[{"embeddable":true,"href":"http:\/\/875jahrekirchgoens.de\/index.php?rest_route=%2Fwp%2Fv2%2Fcomments&post=16394"}],"version-history":[{"count":1,"href":"http:\/\/875jahrekirchgoens.de\/index.php?rest_route=\/wp\/v2\/posts\/16394\/revisions"}],"predecessor-version":[{"id":16396,"href":"http:\/\/875jahrekirchgoens.de\/index.php?rest_route=\/wp\/v2\/posts\/16394\/revisions\/16396"}],"wp:attachment":[{"href":"http:\/\/875jahrekirchgoens.de\/index.php?rest_route=%2Fwp%2Fv2%2Fmedia&parent=16394"}],"wp:term":[{"taxonomy":"category","embeddable":true,"href":"http:\/\/875jahrekirchgoens.de\/index.php?rest_route=%2Fwp%2Fv2%2Fcategories&post=16394"},{"taxonomy":"post_tag","embeddable":true,"href":"http:\/\/875jahrekirchgoens.de\/index.php?rest_route=%2Fwp%2Fv2%2Ftags&post=16394"}],"curies":[{"name":"wp","href":"https:\/\/api.w.org\/{rel}","templated":true}]}}