{"id":16400,"date":"2022-07-21T13:51:00","date_gmt":"2022-07-21T13:51:00","guid":{"rendered":"http:\/\/875jahrekirchgoens.de\/?p=16400"},"modified":"2025-03-28T13:53:00","modified_gmt":"2025-03-28T13:53:00","slug":"das-butzbacher-forsthaus","status":"publish","type":"post","link":"http:\/\/875jahrekirchgoens.de\/?p=16400","title":{"rendered":"Das Butzbacher Forsthaus \u2026"},"content":{"rendered":"\n<p>\u2026 ist immer wieder ein beliebter Anfahrtsort zu einer Rast w\u00e4hrend einer Wander- oder Radwandertour. So auch f\u00fcr den WRC 97 Kirch-G\u00f6ns w\u00e4hrend einer Radwanderung in heimischem Terrain von Kirch-G\u00f6ns \u00fcber Ebersg\u00f6nser Waldsportplatz, Segel-fliegerplatz Butzbach, Cleeberger Waldhaus, Oberkleen und Niederkleen.<\/p>\n\n\n\n<p>Quelle und Bild: Butzbacher Zeitung vom 21. Juli 2022<\/p>\n\n\n\n<figure class=\"wp-block-image size-full\"><img loading=\"lazy\" decoding=\"async\" width=\"241\" height=\"174\" src=\"http:\/\/875jahrekirchgoens.de\/wp-content\/uploads\/2025\/03\/21.07.2022.png\" alt=\"\" class=\"wp-image-16401\"\/><\/figure>\n\n\n\n<p><\/p>\n","protected":false},"excerpt":{"rendered":"<p>\u2026 ist immer wieder ein beliebter Anfahrtsort zu einer Rast w\u00e4hrend einer Wander- oder Radwandertour. So auch f\u00fcr den WRC 97 Kirch-G\u00f6ns w\u00e4hrend einer Radwanderung in heimischem Terrain von Kirch-G\u00f6ns \u00fcber Ebersg\u00f6nser Waldsportplatz, Segel-fliegerplatz Butzbach, Cleeberger Waldhaus, Oberkleen und Niederkleen. Quelle und Bild: Butzbacher Zeitung vom 21. Juli 2022<\/p>\n","protected":false},"author":1,"featured_media":0,"comment_status":"closed","ping_status":"open","sticky":false,"template":"","format":"standard","meta":{"footnotes":""},"categories":[1],"tags":[],"class_list":["post-16400","post","type-post","status-publish","format-standard","hentry","category-infos"],"_links":{"self":[{"href":"http:\/\/875jahrekirchgoens.de\/index.php?rest_route=\/wp\/v2\/posts\/16400","targetHints":{"allow":["GET"]}}],"collection":[{"href":"http:\/\/875jahrekirchgoens.de\/index.php?rest_route=\/wp\/v2\/posts"}],"about":[{"href":"http:\/\/875jahrekirchgoens.de\/index.php?rest_route=\/wp\/v2\/types\/post"}],"author":[{"embeddable":true,"href":"http:\/\/875jahrekirchgoens.de\/index.php?rest_route=\/wp\/v2\/users\/1"}],"replies":[{"embeddable":true,"href":"http:\/\/875jahrekirchgoens.de\/index.php?rest_route=%2Fwp%2Fv2%2Fcomments&post=16400"}],"version-history":[{"count":1,"href":"http:\/\/875jahrekirchgoens.de\/index.php?rest_route=\/wp\/v2\/posts\/16400\/revisions"}],"predecessor-version":[{"id":16402,"href":"http:\/\/875jahrekirchgoens.de\/index.php?rest_route=\/wp\/v2\/posts\/16400\/revisions\/16402"}],"wp:attachment":[{"href":"http:\/\/875jahrekirchgoens.de\/index.php?rest_route=%2Fwp%2Fv2%2Fmedia&parent=16400"}],"wp:term":[{"taxonomy":"category","embeddable":true,"href":"http:\/\/875jahrekirchgoens.de\/index.php?rest_route=%2Fwp%2Fv2%2Fcategories&post=16400"},{"taxonomy":"post_tag","embeddable":true,"href":"http:\/\/875jahrekirchgoens.de\/index.php?rest_route=%2Fwp%2Fv2%2Ftags&post=16400"}],"curies":[{"name":"wp","href":"https:\/\/api.w.org\/{rel}","templated":true}]}}