{"id":16403,"date":"2022-07-21T13:53:00","date_gmt":"2022-07-21T13:53:00","guid":{"rendered":"http:\/\/875jahrekirchgoens.de\/?p=16403"},"modified":"2025-03-28T13:54:37","modified_gmt":"2025-03-28T13:54:37","slug":"kuerzlich-war-der-kindergarten-kirch-goens","status":"publish","type":"post","link":"http:\/\/875jahrekirchgoens.de\/?p=16403","title":{"rendered":"K\u00fcrzlich war der Kindergarten Kirch-G\u00f6ns \u2026"},"content":{"rendered":"\n<p>\u2026 zu Besuch auf dem Gem\u00fcse- und Kartoffelacker von Michelle und Janek Weinmann (Landprodukte) in Pohl-G\u00f6ns. Beide Gruppen erfreuten sich am Gem\u00fcse pflanzen f\u00fcr die Gem\u00fcsesuppe, die im Herbst mit den Kindern gekocht werden soll, am Gem\u00fcser\u00e4tsel und an der abschlie\u00dfenden Traktorfahrt durch die Gemarkung Kirch-G\u00f6ns zum Kartoffelacker. Der n\u00e4chste Besuch im Rahmen des Projekts \u201eBauernhof als Klassenzimmer\u201c ist schon geplant. Sowohl die Kinder als auch die Erzieher und Ausrichter des Ausflugs freuen sich schon auf die Kartoffelernte im September.<\/p>\n\n\n\n<p>Quelle und Bild: Butzbacher Zeitung vom 21. Juli 2022<\/p>\n\n\n\n<figure class=\"wp-block-image size-full\"><img loading=\"lazy\" decoding=\"async\" width=\"306\" height=\"221\" src=\"http:\/\/875jahrekirchgoens.de\/wp-content\/uploads\/2025\/03\/21.07.2022-Kinder.png\" alt=\"\" class=\"wp-image-16404\" srcset=\"http:\/\/875jahrekirchgoens.de\/wp-content\/uploads\/2025\/03\/21.07.2022-Kinder.png 306w, http:\/\/875jahrekirchgoens.de\/wp-content\/uploads\/2025\/03\/21.07.2022-Kinder-300x217.png 300w\" sizes=\"auto, (max-width: 306px) 100vw, 306px\" \/><\/figure>\n","protected":false},"excerpt":{"rendered":"<p>\u2026 zu Besuch auf dem Gem\u00fcse- und Kartoffelacker von Michelle und Janek Weinmann (Landprodukte) in Pohl-G\u00f6ns. Beide Gruppen erfreuten sich am Gem\u00fcse pflanzen f\u00fcr die Gem\u00fcsesuppe, die im Herbst mit den Kindern gekocht werden soll, am Gem\u00fcser\u00e4tsel und an der abschlie\u00dfenden Traktorfahrt durch die Gemarkung Kirch-G\u00f6ns zum Kartoffelacker. Der n\u00e4chste Besuch im Rahmen des Projekts &#8230; <a title=\"K\u00fcrzlich war der Kindergarten Kirch-G\u00f6ns \u2026\" class=\"read-more\" href=\"http:\/\/875jahrekirchgoens.de\/?p=16403\" aria-label=\"Mehr Informationen \u00fcber K\u00fcrzlich war der Kindergarten Kirch-G\u00f6ns \u2026\">Weiterlesen<\/a><\/p>\n","protected":false},"author":1,"featured_media":0,"comment_status":"closed","ping_status":"open","sticky":false,"template":"","format":"standard","meta":{"footnotes":""},"categories":[1],"tags":[],"class_list":["post-16403","post","type-post","status-publish","format-standard","hentry","category-infos"],"_links":{"self":[{"href":"http:\/\/875jahrekirchgoens.de\/index.php?rest_route=\/wp\/v2\/posts\/16403","targetHints":{"allow":["GET"]}}],"collection":[{"href":"http:\/\/875jahrekirchgoens.de\/index.php?rest_route=\/wp\/v2\/posts"}],"about":[{"href":"http:\/\/875jahrekirchgoens.de\/index.php?rest_route=\/wp\/v2\/types\/post"}],"author":[{"embeddable":true,"href":"http:\/\/875jahrekirchgoens.de\/index.php?rest_route=\/wp\/v2\/users\/1"}],"replies":[{"embeddable":true,"href":"http:\/\/875jahrekirchgoens.de\/index.php?rest_route=%2Fwp%2Fv2%2Fcomments&post=16403"}],"version-history":[{"count":1,"href":"http:\/\/875jahrekirchgoens.de\/index.php?rest_route=\/wp\/v2\/posts\/16403\/revisions"}],"predecessor-version":[{"id":16405,"href":"http:\/\/875jahrekirchgoens.de\/index.php?rest_route=\/wp\/v2\/posts\/16403\/revisions\/16405"}],"wp:attachment":[{"href":"http:\/\/875jahrekirchgoens.de\/index.php?rest_route=%2Fwp%2Fv2%2Fmedia&parent=16403"}],"wp:term":[{"taxonomy":"category","embeddable":true,"href":"http:\/\/875jahrekirchgoens.de\/index.php?rest_route=%2Fwp%2Fv2%2Fcategories&post=16403"},{"taxonomy":"post_tag","embeddable":true,"href":"http:\/\/875jahrekirchgoens.de\/index.php?rest_route=%2Fwp%2Fv2%2Ftags&post=16403"}],"curies":[{"name":"wp","href":"https:\/\/api.w.org\/{rel}","templated":true}]}}