{"id":16417,"date":"2025-03-30T17:30:32","date_gmt":"2025-03-30T17:30:32","guid":{"rendered":"http:\/\/875jahrekirchgoens.de\/?p=16417"},"modified":"2025-03-30T17:30:32","modified_gmt":"2025-03-30T17:30:32","slug":"bildernachlese-zur-akademischen-feier-in-kirch-goens","status":"publish","type":"post","link":"http:\/\/875jahrekirchgoens.de\/?p=16417","title":{"rendered":"Bildernachlese zur Akademischen Feier in Kirch-G\u00f6ns"},"content":{"rendered":"\n<p>(Mz.) Anl\u00e4sslich der Akademischen Feier zum 875j\u00e4hrigen Jubil\u00e4um von Kirch-G\u00f6ns hielt der Hessische Innenminister, Prof. Dr. Roman Poseck (oben Mitte.), in der Mehrzweckhalle Kirch-\/Pohl-G\u00f6ns am 22. M\u00e4rz 2025 ein Gru\u00dfwort. Die G\u00f6nser Grundschule (GGS), vertreten durch Monika R\u00fchl, und der Kindergarten Kirch-G\u00f6ns, Leitung Silke Bolz-Lowak, wurden mit einer Spende vom Ortsbeirat bzw. IG-Vorstand bedacht (gro\u00dfes Bild). Vereinsvorsitzende Sabine Lex (oben rechts) \u00fcbergab vom ehemaligen Fanfarenzug der Freiwilligen Feuerwehr an den Vorstand der Interessengemeinschaft Kirch-G\u00f6nser Vereine und Gruppen symbolischen einen Scheck in H\u00f6he von Euro 1000,-.  Musikalisch begleitet wurde die Veranstaltung von Kathrin Krimker und Florian Ilge zu Beginn mit dem Pr\u00e4ludium, einem weiteren klassischen Musikst\u00fcck w\u00e4hrend des fast dreist\u00fcndigen Programms und zum Ende mit der Nationalhymne (oben links.).<\/p>\n\n\n\n<p>Bilder: Andrea Bergens \/ Kirch-G\u00f6ns<\/p>\n\n\n\n<figure class=\"wp-block-gallery has-nested-images columns-default is-cropped wp-block-gallery-1 is-layout-flex wp-block-gallery-is-layout-flex\">\n<figure class=\"wp-block-image size-large\"><img loading=\"lazy\" decoding=\"async\" width=\"1024\" height=\"576\" data-id=\"16421\" src=\"http:\/\/875jahrekirchgoens.de\/wp-content\/uploads\/2025\/03\/2025_03_22_Akademischer-Nachmittag-90-1024x576.jpg\" alt=\"\" class=\"wp-image-16421\" srcset=\"http:\/\/875jahrekirchgoens.de\/wp-content\/uploads\/2025\/03\/2025_03_22_Akademischer-Nachmittag-90-1024x576.jpg 1024w, http:\/\/875jahrekirchgoens.de\/wp-content\/uploads\/2025\/03\/2025_03_22_Akademischer-Nachmittag-90-300x169.jpg 300w, http:\/\/875jahrekirchgoens.de\/wp-content\/uploads\/2025\/03\/2025_03_22_Akademischer-Nachmittag-90-768x432.jpg 768w, http:\/\/875jahrekirchgoens.de\/wp-content\/uploads\/2025\/03\/2025_03_22_Akademischer-Nachmittag-90-1536x864.jpg 1536w, http:\/\/875jahrekirchgoens.de\/wp-content\/uploads\/2025\/03\/2025_03_22_Akademischer-Nachmittag-90-2048x1152.jpg 2048w\" sizes=\"auto, (max-width: 1024px) 100vw, 1024px\" \/><\/figure>\n\n\n\n<figure class=\"wp-block-image size-large\"><img loading=\"lazy\" decoding=\"async\" width=\"1024\" height=\"576\" data-id=\"16419\" src=\"http:\/\/875jahrekirchgoens.de\/wp-content\/uploads\/2025\/03\/2025_03_22_Akademischer-Nachmittag-148-1024x576.jpg\" alt=\"\" class=\"wp-image-16419\" srcset=\"http:\/\/875jahrekirchgoens.de\/wp-content\/uploads\/2025\/03\/2025_03_22_Akademischer-Nachmittag-148-1024x576.jpg 1024w, http:\/\/875jahrekirchgoens.de\/wp-content\/uploads\/2025\/03\/2025_03_22_Akademischer-Nachmittag-148-300x169.jpg 300w, http:\/\/875jahrekirchgoens.de\/wp-content\/uploads\/2025\/03\/2025_03_22_Akademischer-Nachmittag-148-768x432.jpg 768w, http:\/\/875jahrekirchgoens.de\/wp-content\/uploads\/2025\/03\/2025_03_22_Akademischer-Nachmittag-148-1536x864.jpg 1536w, http:\/\/875jahrekirchgoens.de\/wp-content\/uploads\/2025\/03\/2025_03_22_Akademischer-Nachmittag-148-2048x1152.jpg 2048w\" sizes=\"auto, (max-width: 1024px) 100vw, 1024px\" \/><\/figure>\n\n\n\n<figure class=\"wp-block-image size-large\"><img loading=\"lazy\" decoding=\"async\" width=\"1024\" height=\"576\" data-id=\"16420\" src=\"http:\/\/875jahrekirchgoens.de\/wp-content\/uploads\/2025\/03\/2025_03_22_Akademischer-Nachmittag-418-1024x576.jpg\" alt=\"\" class=\"wp-image-16420\" srcset=\"http:\/\/875jahrekirchgoens.de\/wp-content\/uploads\/2025\/03\/2025_03_22_Akademischer-Nachmittag-418-1024x576.jpg 1024w, http:\/\/875jahrekirchgoens.de\/wp-content\/uploads\/2025\/03\/2025_03_22_Akademischer-Nachmittag-418-300x169.jpg 300w, http:\/\/875jahrekirchgoens.de\/wp-content\/uploads\/2025\/03\/2025_03_22_Akademischer-Nachmittag-418-768x432.jpg 768w, http:\/\/875jahrekirchgoens.de\/wp-content\/uploads\/2025\/03\/2025_03_22_Akademischer-Nachmittag-418-1536x864.jpg 1536w, http:\/\/875jahrekirchgoens.de\/wp-content\/uploads\/2025\/03\/2025_03_22_Akademischer-Nachmittag-418-2048x1152.jpg 2048w\" sizes=\"auto, (max-width: 1024px) 100vw, 1024px\" \/><\/figure>\n\n\n\n<figure class=\"wp-block-image size-large\"><img loading=\"lazy\" decoding=\"async\" width=\"1024\" height=\"576\" data-id=\"16418\" src=\"http:\/\/875jahrekirchgoens.de\/wp-content\/uploads\/2025\/03\/2025_03_22_Akademischer-Nachmittag-677-1024x576.jpg\" alt=\"\" class=\"wp-image-16418\" srcset=\"http:\/\/875jahrekirchgoens.de\/wp-content\/uploads\/2025\/03\/2025_03_22_Akademischer-Nachmittag-677-1024x576.jpg 1024w, http:\/\/875jahrekirchgoens.de\/wp-content\/uploads\/2025\/03\/2025_03_22_Akademischer-Nachmittag-677-300x169.jpg 300w, http:\/\/875jahrekirchgoens.de\/wp-content\/uploads\/2025\/03\/2025_03_22_Akademischer-Nachmittag-677-768x432.jpg 768w, http:\/\/875jahrekirchgoens.de\/wp-content\/uploads\/2025\/03\/2025_03_22_Akademischer-Nachmittag-677-1536x864.jpg 1536w, http:\/\/875jahrekirchgoens.de\/wp-content\/uploads\/2025\/03\/2025_03_22_Akademischer-Nachmittag-677-2048x1152.jpg 2048w\" sizes=\"auto, (max-width: 1024px) 100vw, 1024px\" \/><\/figure>\n<\/figure>\n","protected":false},"excerpt":{"rendered":"<p>(Mz.) Anl\u00e4sslich der Akademischen Feier zum 875j\u00e4hrigen Jubil\u00e4um von Kirch-G\u00f6ns hielt der Hessische Innenminister, Prof. Dr. Roman Poseck (oben Mitte.), in der Mehrzweckhalle Kirch-\/Pohl-G\u00f6ns am 22. M\u00e4rz 2025 ein Gru\u00dfwort. Die G\u00f6nser Grundschule (GGS), vertreten durch Monika R\u00fchl, und der Kindergarten Kirch-G\u00f6ns, Leitung Silke Bolz-Lowak, wurden mit einer Spende vom Ortsbeirat bzw. IG-Vorstand bedacht (gro\u00dfes &#8230; <a title=\"Bildernachlese zur Akademischen Feier in Kirch-G\u00f6ns\" class=\"read-more\" href=\"http:\/\/875jahrekirchgoens.de\/?p=16417\" aria-label=\"Mehr Informationen \u00fcber Bildernachlese zur Akademischen Feier in Kirch-G\u00f6ns\">Weiterlesen<\/a><\/p>\n","protected":false},"author":1,"featured_media":0,"comment_status":"closed","ping_status":"open","sticky":false,"template":"","format":"standard","meta":{"footnotes":""},"categories":[1],"tags":[],"class_list":["post-16417","post","type-post","status-publish","format-standard","hentry","category-infos"],"_links":{"self":[{"href":"http:\/\/875jahrekirchgoens.de\/index.php?rest_route=\/wp\/v2\/posts\/16417","targetHints":{"allow":["GET"]}}],"collection":[{"href":"http:\/\/875jahrekirchgoens.de\/index.php?rest_route=\/wp\/v2\/posts"}],"about":[{"href":"http:\/\/875jahrekirchgoens.de\/index.php?rest_route=\/wp\/v2\/types\/post"}],"author":[{"embeddable":true,"href":"http:\/\/875jahrekirchgoens.de\/index.php?rest_route=\/wp\/v2\/users\/1"}],"replies":[{"embeddable":true,"href":"http:\/\/875jahrekirchgoens.de\/index.php?rest_route=%2Fwp%2Fv2%2Fcomments&post=16417"}],"version-history":[{"count":1,"href":"http:\/\/875jahrekirchgoens.de\/index.php?rest_route=\/wp\/v2\/posts\/16417\/revisions"}],"predecessor-version":[{"id":16422,"href":"http:\/\/875jahrekirchgoens.de\/index.php?rest_route=\/wp\/v2\/posts\/16417\/revisions\/16422"}],"wp:attachment":[{"href":"http:\/\/875jahrekirchgoens.de\/index.php?rest_route=%2Fwp%2Fv2%2Fmedia&parent=16417"}],"wp:term":[{"taxonomy":"category","embeddable":true,"href":"http:\/\/875jahrekirchgoens.de\/index.php?rest_route=%2Fwp%2Fv2%2Fcategories&post=16417"},{"taxonomy":"post_tag","embeddable":true,"href":"http:\/\/875jahrekirchgoens.de\/index.php?rest_route=%2Fwp%2Fv2%2Ftags&post=16417"}],"curies":[{"name":"wp","href":"https:\/\/api.w.org\/{rel}","templated":true}]}}