{"id":16433,"date":"2025-04-02T09:26:22","date_gmt":"2025-04-02T09:26:22","guid":{"rendered":"http:\/\/875jahrekirchgoens.de\/?p=16433"},"modified":"2025-04-09T09:27:53","modified_gmt":"2025-04-09T09:27:53","slug":"spenden-fuer-die-jugend","status":"publish","type":"post","link":"http:\/\/875jahrekirchgoens.de\/?p=16433","title":{"rendered":"Spenden f\u00fcr die Jugend"},"content":{"rendered":"\n<p>Im Rahmen des Jubil\u00e4umsjahres zur Kirch-G\u00f6nser 875-Jahr-Feier m\u00f6chte die Interessengemeinschaft wichtige Themen vor Ort unterst\u00fctzen. Dazu geh\u00f6rt insbesondere die Jugendarbeit. Aus den Einnahmen aus der Auftaktveranstaltung 875 Jahre Kirch-G\u00f6ns letzten Jahres auf dem heimischen Sportplatz mit dem Motto: \u201e875 Menschen stellen eine 875\u201c, die symbolische Zahl zum Jubil\u00e4um, \u00fcbergaben der Ortsvorsteher und stellvertretende Vorsitzende de IG, Stefan Euler und IG-Vorsitzender Michael Tiedemann daher Spenden an den F\u00f6rderverein der G\u00f6nser Grundschule und die Kita Kirch-G\u00f6ns. \u201eSowohl Kita als auch Schule sind St\u00fctzpfeiler unseres Dorflebens\u201c so Euler bei der \u00dcbergabe der symbolischen Spendenschecks im Rahmen der Akademischen Jubil\u00e4umsfeier. Die IG m\u00f6chte im Laufe des Jubil\u00e4umsjahres weitere Projekte unterst\u00fctzen.<\/p>\n\n\n\n<p>Bild und Quelle: Butzbacher Zeitung vom 2. April 2025<\/p>\n\n\n\n<figure class=\"wp-block-image size-full\"><img loading=\"lazy\" decoding=\"async\" width=\"605\" height=\"255\" src=\"http:\/\/875jahrekirchgoens.de\/wp-content\/uploads\/2025\/04\/Spende-jugend.png\" alt=\"\" class=\"wp-image-16434\" srcset=\"http:\/\/875jahrekirchgoens.de\/wp-content\/uploads\/2025\/04\/Spende-jugend.png 605w, http:\/\/875jahrekirchgoens.de\/wp-content\/uploads\/2025\/04\/Spende-jugend-300x126.png 300w\" sizes=\"auto, (max-width: 605px) 100vw, 605px\" \/><\/figure>\n\n\n\n<p>Der Ortsvorsteher und stellvertretende Vorsitzende der IG Stefan Euler (l.) und der IG-Vorsitzende Michael Tiedemann \u00fcbergeben Spenden an Monika R\u00fchl vom Schul-F\u00f6rderverein (2. v. l.) und Silke Bolz-Lowak von der Kita Kirch-G\u00f6ns.<\/p>\n","protected":false},"excerpt":{"rendered":"<p>Im Rahmen des Jubil\u00e4umsjahres zur Kirch-G\u00f6nser 875-Jahr-Feier m\u00f6chte die Interessengemeinschaft wichtige Themen vor Ort unterst\u00fctzen. Dazu geh\u00f6rt insbesondere die Jugendarbeit. Aus den Einnahmen aus der Auftaktveranstaltung 875 Jahre Kirch-G\u00f6ns letzten Jahres auf dem heimischen Sportplatz mit dem Motto: \u201e875 Menschen stellen eine 875\u201c, die symbolische Zahl zum Jubil\u00e4um, \u00fcbergaben der Ortsvorsteher und stellvertretende Vorsitzende de &#8230; <a title=\"Spenden f\u00fcr die Jugend\" class=\"read-more\" href=\"http:\/\/875jahrekirchgoens.de\/?p=16433\" aria-label=\"Mehr Informationen \u00fcber Spenden f\u00fcr die Jugend\">Weiterlesen<\/a><\/p>\n","protected":false},"author":1,"featured_media":0,"comment_status":"closed","ping_status":"open","sticky":false,"template":"","format":"standard","meta":{"footnotes":""},"categories":[1],"tags":[],"class_list":["post-16433","post","type-post","status-publish","format-standard","hentry","category-infos"],"_links":{"self":[{"href":"http:\/\/875jahrekirchgoens.de\/index.php?rest_route=\/wp\/v2\/posts\/16433","targetHints":{"allow":["GET"]}}],"collection":[{"href":"http:\/\/875jahrekirchgoens.de\/index.php?rest_route=\/wp\/v2\/posts"}],"about":[{"href":"http:\/\/875jahrekirchgoens.de\/index.php?rest_route=\/wp\/v2\/types\/post"}],"author":[{"embeddable":true,"href":"http:\/\/875jahrekirchgoens.de\/index.php?rest_route=\/wp\/v2\/users\/1"}],"replies":[{"embeddable":true,"href":"http:\/\/875jahrekirchgoens.de\/index.php?rest_route=%2Fwp%2Fv2%2Fcomments&post=16433"}],"version-history":[{"count":1,"href":"http:\/\/875jahrekirchgoens.de\/index.php?rest_route=\/wp\/v2\/posts\/16433\/revisions"}],"predecessor-version":[{"id":16435,"href":"http:\/\/875jahrekirchgoens.de\/index.php?rest_route=\/wp\/v2\/posts\/16433\/revisions\/16435"}],"wp:attachment":[{"href":"http:\/\/875jahrekirchgoens.de\/index.php?rest_route=%2Fwp%2Fv2%2Fmedia&parent=16433"}],"wp:term":[{"taxonomy":"category","embeddable":true,"href":"http:\/\/875jahrekirchgoens.de\/index.php?rest_route=%2Fwp%2Fv2%2Fcategories&post=16433"},{"taxonomy":"post_tag","embeddable":true,"href":"http:\/\/875jahrekirchgoens.de\/index.php?rest_route=%2Fwp%2Fv2%2Ftags&post=16433"}],"curies":[{"name":"wp","href":"https:\/\/api.w.org\/{rel}","templated":true}]}}