{"id":16452,"date":"2025-04-16T14:49:40","date_gmt":"2025-04-16T14:49:40","guid":{"rendered":"http:\/\/875jahrekirchgoens.de\/?p=16452"},"modified":"2025-04-16T14:49:41","modified_gmt":"2025-04-16T14:49:41","slug":"sechsundzwanzig-festschriften-zum-schmoekern","status":"publish","type":"post","link":"http:\/\/875jahrekirchgoens.de\/?p=16452","title":{"rendered":"Sechsundzwanzig Festschriften zum Schm\u00f6kern"},"content":{"rendered":"\n<p><em>Drei weitere Festschriften zu Kirch-G\u00f6nser Jubil\u00e4umstagen jetzt online<\/em><\/p>\n\n\n\n<p>(Mz.) Im Zuge der Chronikarbeit zur 875-Jahrfeier von Kirch-G\u00f6ns in diesem Jahr konnte sich neulich der Chronikausschuss \u00fcber drei weitere Festschriften von Kirch-G\u00f6nser Ereignissen aus den vergangenen Jahren erfreuen. Im Einzelnen sind dies die Festschrift zum 25j\u00e4hrigen Bestehen der Ortsgruppe Kirch-G\u00f6ns des Vereins f\u00fcr Deutsche Sch\u00e4ferhunde am 16. und 17. Juni 1979, die Festschrift zum 35j\u00e4hrigen Bestehen der Ayers-Kaserne Kirch-G\u00f6ns vom 25. bis 28. August 1988 und die Festschrift zum 50j\u00e4hrigen Bestehen des Vereins f\u00fcr Deutsche Sch\u00e4ferhunde Ortsgruppe Kirch-\/Pohl-G\u00f6ns am 2. Mai 2004. Bereitgestellt wurden die Unterlagen von Peter B. Braasch aus Kirch-G\u00f6ns. Nunmehr k\u00f6nnen neben der 286-seitigen Dorfchronik, Ausgabe im Jahre 2000 zur 850-Jahr-Feier und der 251-seitigen Chronik zu den Jahren 2000 bis 2025, insgesamt sechsundzwanzig Festschriften aus Kirch-G\u00f6ns auf der Homepage www.875jahrekirchgoens.de \u2013 Rubrik Festschriften \u2013 eingesehen werden. Chronik-Ausschussvorsitzender Thorsten Metz freute sich \u00fcber die Bereitstellung der Unterlagen und Aufarbeitung der Kirch-G\u00f6nser Vereins-\/Gesellschaftsgeschichte. \u201eEs ist sehr sch\u00f6n, dass uns viele Kirch-G\u00f6nser\/innen bei der Sammlung so unterst\u00fctzen. Eine wahrhaft beeindruckende Dokumentation Kirch-G\u00f6nser Geschichte. Wir sind sehr dankbar.\u201c, teilte Metz gegen\u00fcber der BZ mit. Der Chronik-Ausschuss w\u00fcnscht viel Spa\u00df beim Schm\u00f6kern.<\/p>\n\n\n\n<p>Bilder: Interessengemeinschaft Kirch-G\u00f6ns<\/p>\n\n\n\n<figure class=\"wp-block-gallery has-nested-images columns-default is-cropped wp-block-gallery-1 is-layout-flex wp-block-gallery-is-layout-flex\">\n<figure class=\"wp-block-image size-large\"><img loading=\"lazy\" decoding=\"async\" width=\"699\" height=\"1024\" data-id=\"16455\" src=\"http:\/\/875jahrekirchgoens.de\/wp-content\/uploads\/2025\/04\/35-Commemorative-Anniversary-1953-1988-Kirch-Goens-The-Rock-1-1-699x1024.jpg\" alt=\"\" class=\"wp-image-16455\" srcset=\"http:\/\/875jahrekirchgoens.de\/wp-content\/uploads\/2025\/04\/35-Commemorative-Anniversary-1953-1988-Kirch-Goens-The-Rock-1-1-699x1024.jpg 699w, http:\/\/875jahrekirchgoens.de\/wp-content\/uploads\/2025\/04\/35-Commemorative-Anniversary-1953-1988-Kirch-Goens-The-Rock-1-1-205x300.jpg 205w, http:\/\/875jahrekirchgoens.de\/wp-content\/uploads\/2025\/04\/35-Commemorative-Anniversary-1953-1988-Kirch-Goens-The-Rock-1-1-768x1125.jpg 768w, http:\/\/875jahrekirchgoens.de\/wp-content\/uploads\/2025\/04\/35-Commemorative-Anniversary-1953-1988-Kirch-Goens-The-Rock-1-1-1049x1536.jpg 1049w, http:\/\/875jahrekirchgoens.de\/wp-content\/uploads\/2025\/04\/35-Commemorative-Anniversary-1953-1988-Kirch-Goens-The-Rock-1-1-1398x2048.jpg 1398w, http:\/\/875jahrekirchgoens.de\/wp-content\/uploads\/2025\/04\/35-Commemorative-Anniversary-1953-1988-Kirch-Goens-The-Rock-1-1.jpg 1631w\" sizes=\"auto, (max-width: 699px) 100vw, 699px\" \/><\/figure>\n\n\n\n<figure class=\"wp-block-image size-large\"><img loading=\"lazy\" decoding=\"async\" width=\"730\" height=\"1024\" data-id=\"16454\" src=\"http:\/\/875jahrekirchgoens.de\/wp-content\/uploads\/2025\/04\/20250327074114701_0001-730x1024.jpg\" alt=\"\" class=\"wp-image-16454\" srcset=\"http:\/\/875jahrekirchgoens.de\/wp-content\/uploads\/2025\/04\/20250327074114701_0001-730x1024.jpg 730w, http:\/\/875jahrekirchgoens.de\/wp-content\/uploads\/2025\/04\/20250327074114701_0001-214x300.jpg 214w, http:\/\/875jahrekirchgoens.de\/wp-content\/uploads\/2025\/04\/20250327074114701_0001-768x1078.jpg 768w, http:\/\/875jahrekirchgoens.de\/wp-content\/uploads\/2025\/04\/20250327074114701_0001-1094x1536.jpg 1094w, http:\/\/875jahrekirchgoens.de\/wp-content\/uploads\/2025\/04\/20250327074114701_0001-1459x2048.jpg 1459w, http:\/\/875jahrekirchgoens.de\/wp-content\/uploads\/2025\/04\/20250327074114701_0001.jpg 1717w\" sizes=\"auto, (max-width: 730px) 100vw, 730px\" \/><\/figure>\n\n\n\n<figure class=\"wp-block-image size-large\"><img loading=\"lazy\" decoding=\"async\" width=\"686\" height=\"1024\" data-id=\"16453\" src=\"http:\/\/875jahrekirchgoens.de\/wp-content\/uploads\/2025\/04\/20250327074114701_0002-686x1024.jpg\" alt=\"\" class=\"wp-image-16453\" srcset=\"http:\/\/875jahrekirchgoens.de\/wp-content\/uploads\/2025\/04\/20250327074114701_0002-686x1024.jpg 686w, http:\/\/875jahrekirchgoens.de\/wp-content\/uploads\/2025\/04\/20250327074114701_0002-201x300.jpg 201w, http:\/\/875jahrekirchgoens.de\/wp-content\/uploads\/2025\/04\/20250327074114701_0002-768x1146.jpg 768w, http:\/\/875jahrekirchgoens.de\/wp-content\/uploads\/2025\/04\/20250327074114701_0002-1029x1536.jpg 1029w, http:\/\/875jahrekirchgoens.de\/wp-content\/uploads\/2025\/04\/20250327074114701_0002-1372x2048.jpg 1372w, http:\/\/875jahrekirchgoens.de\/wp-content\/uploads\/2025\/04\/20250327074114701_0002.jpg 1608w\" sizes=\"auto, (max-width: 686px) 100vw, 686px\" \/><\/figure>\n<\/figure>\n","protected":false},"excerpt":{"rendered":"<p>Drei weitere Festschriften zu Kirch-G\u00f6nser Jubil\u00e4umstagen jetzt online (Mz.) Im Zuge der Chronikarbeit zur 875-Jahrfeier von Kirch-G\u00f6ns in diesem Jahr konnte sich neulich der Chronikausschuss \u00fcber drei weitere Festschriften von Kirch-G\u00f6nser Ereignissen aus den vergangenen Jahren erfreuen. Im Einzelnen sind dies die Festschrift zum 25j\u00e4hrigen Bestehen der Ortsgruppe Kirch-G\u00f6ns des Vereins f\u00fcr Deutsche Sch\u00e4ferhunde am &#8230; <a title=\"Sechsundzwanzig Festschriften zum Schm\u00f6kern\" class=\"read-more\" href=\"http:\/\/875jahrekirchgoens.de\/?p=16452\" aria-label=\"Mehr Informationen \u00fcber Sechsundzwanzig Festschriften zum Schm\u00f6kern\">Weiterlesen<\/a><\/p>\n","protected":false},"author":1,"featured_media":0,"comment_status":"closed","ping_status":"open","sticky":false,"template":"","format":"standard","meta":{"footnotes":""},"categories":[1],"tags":[],"class_list":["post-16452","post","type-post","status-publish","format-standard","hentry","category-infos"],"_links":{"self":[{"href":"http:\/\/875jahrekirchgoens.de\/index.php?rest_route=\/wp\/v2\/posts\/16452","targetHints":{"allow":["GET"]}}],"collection":[{"href":"http:\/\/875jahrekirchgoens.de\/index.php?rest_route=\/wp\/v2\/posts"}],"about":[{"href":"http:\/\/875jahrekirchgoens.de\/index.php?rest_route=\/wp\/v2\/types\/post"}],"author":[{"embeddable":true,"href":"http:\/\/875jahrekirchgoens.de\/index.php?rest_route=\/wp\/v2\/users\/1"}],"replies":[{"embeddable":true,"href":"http:\/\/875jahrekirchgoens.de\/index.php?rest_route=%2Fwp%2Fv2%2Fcomments&post=16452"}],"version-history":[{"count":1,"href":"http:\/\/875jahrekirchgoens.de\/index.php?rest_route=\/wp\/v2\/posts\/16452\/revisions"}],"predecessor-version":[{"id":16456,"href":"http:\/\/875jahrekirchgoens.de\/index.php?rest_route=\/wp\/v2\/posts\/16452\/revisions\/16456"}],"wp:attachment":[{"href":"http:\/\/875jahrekirchgoens.de\/index.php?rest_route=%2Fwp%2Fv2%2Fmedia&parent=16452"}],"wp:term":[{"taxonomy":"category","embeddable":true,"href":"http:\/\/875jahrekirchgoens.de\/index.php?rest_route=%2Fwp%2Fv2%2Fcategories&post=16452"},{"taxonomy":"post_tag","embeddable":true,"href":"http:\/\/875jahrekirchgoens.de\/index.php?rest_route=%2Fwp%2Fv2%2Ftags&post=16452"}],"curies":[{"name":"wp","href":"https:\/\/api.w.org\/{rel}","templated":true}]}}