{"id":16463,"date":"2025-04-28T06:59:05","date_gmt":"2025-04-28T06:59:05","guid":{"rendered":"https:\/\/875jahrekirchgoens.de\/?p=16463"},"modified":"2025-04-28T06:59:06","modified_gmt":"2025-04-28T06:59:06","slug":"1-mai-feier-2","status":"publish","type":"post","link":"http:\/\/875jahrekirchgoens.de\/?p=16463","title":{"rendered":"1. Mai-Feier"},"content":{"rendered":"\n<p>Am Donnerstag, 1. Mai 2025, findet ab 11.00 Uhr zum siebzehnten Mal die traditionelle 1. Mai-Feier des Turnverein Vorw\u00e4rts 1891 Kirch-G\u00f6ns e. V. auf dem Sportplatzgel\u00e4nde Kirch-G\u00f6ns statt. Den G\u00e4sten stehen wie gewohnt Grillspezialit\u00e4ten, gepflegte und gek\u00fchlte Biere vom Fass sowie eine Auswahl an alkoholfreien Getr\u00e4nken zur Verf\u00fcgung. F\u00fcr Kaffee und Kuchen wird am Nachmittag gesorgt sein. Spielattraktionen wie eine H\u00fcpfburg f\u00fcr die Kleinsten wird angeboten. Das traditionelle Gewinnspiel wird ebenfalls wieder stattfinden. Der TV l\u00e4dt hierzu die gesamte Bev\u00f6lkerung ein und hofft auf gutes Wetter, damit auch wieder die Wanderer und Radfahrer einen Abstecher nach Kirch-G\u00f6ns machen.<br>\u00a0<\/p>\n","protected":false},"excerpt":{"rendered":"<p>Am Donnerstag, 1. Mai 2025, findet ab 11.00 Uhr zum siebzehnten Mal die traditionelle 1. Mai-Feier des Turnverein Vorw\u00e4rts 1891 Kirch-G\u00f6ns e. V. auf dem Sportplatzgel\u00e4nde Kirch-G\u00f6ns statt. Den G\u00e4sten stehen wie gewohnt Grillspezialit\u00e4ten, gepflegte und gek\u00fchlte Biere vom Fass sowie eine Auswahl an alkoholfreien Getr\u00e4nken zur Verf\u00fcgung. F\u00fcr Kaffee und Kuchen wird am Nachmittag &#8230; <a title=\"1. Mai-Feier\" class=\"read-more\" href=\"http:\/\/875jahrekirchgoens.de\/?p=16463\" aria-label=\"Mehr Informationen \u00fcber 1. Mai-Feier\">Weiterlesen<\/a><\/p>\n","protected":false},"author":1,"featured_media":0,"comment_status":"closed","ping_status":"open","sticky":false,"template":"","format":"standard","meta":{"footnotes":""},"categories":[1],"tags":[],"class_list":["post-16463","post","type-post","status-publish","format-standard","hentry","category-infos"],"_links":{"self":[{"href":"http:\/\/875jahrekirchgoens.de\/index.php?rest_route=\/wp\/v2\/posts\/16463","targetHints":{"allow":["GET"]}}],"collection":[{"href":"http:\/\/875jahrekirchgoens.de\/index.php?rest_route=\/wp\/v2\/posts"}],"about":[{"href":"http:\/\/875jahrekirchgoens.de\/index.php?rest_route=\/wp\/v2\/types\/post"}],"author":[{"embeddable":true,"href":"http:\/\/875jahrekirchgoens.de\/index.php?rest_route=\/wp\/v2\/users\/1"}],"replies":[{"embeddable":true,"href":"http:\/\/875jahrekirchgoens.de\/index.php?rest_route=%2Fwp%2Fv2%2Fcomments&post=16463"}],"version-history":[{"count":1,"href":"http:\/\/875jahrekirchgoens.de\/index.php?rest_route=\/wp\/v2\/posts\/16463\/revisions"}],"predecessor-version":[{"id":16464,"href":"http:\/\/875jahrekirchgoens.de\/index.php?rest_route=\/wp\/v2\/posts\/16463\/revisions\/16464"}],"wp:attachment":[{"href":"http:\/\/875jahrekirchgoens.de\/index.php?rest_route=%2Fwp%2Fv2%2Fmedia&parent=16463"}],"wp:term":[{"taxonomy":"category","embeddable":true,"href":"http:\/\/875jahrekirchgoens.de\/index.php?rest_route=%2Fwp%2Fv2%2Fcategories&post=16463"},{"taxonomy":"post_tag","embeddable":true,"href":"http:\/\/875jahrekirchgoens.de\/index.php?rest_route=%2Fwp%2Fv2%2Ftags&post=16463"}],"curies":[{"name":"wp","href":"https:\/\/api.w.org\/{rel}","templated":true}]}}