{"id":16466,"date":"2025-05-03T16:26:22","date_gmt":"2025-05-03T16:26:22","guid":{"rendered":"http:\/\/875jahrekirchgoens.de\/?p=16466"},"modified":"2025-05-03T16:26:22","modified_gmt":"2025-05-03T16:26:22","slug":"1-mai-feier-des-tv-vorwaerts-1891-kirch-goens-2","status":"publish","type":"post","link":"http:\/\/875jahrekirchgoens.de\/?p=16466","title":{"rendered":"1.-Mai-Feier des TV Vorw\u00e4rts 1891 Kirch-G\u00f6ns"},"content":{"rendered":"\n<p>(Mz.) Sehr gut besucht war die 1.-Mai-Feier des Turnvereins Vorw\u00e4rts 1891 Kirch-G\u00f6ns auf dem \u00f6rtlichen Sportplatzgel\u00e4nde. Bei strahlendem Sonnenschein waren schon fr\u00fch alle Pl\u00e4tze besetzt und die Besucher aus nah und fern verlebten einige fr\u00f6hliche Stunden. Viele Wandergruppen und Radfahrer konnte der TV begr\u00fc\u00dfen. Die Kids hatten gro\u00dfen Spa\u00df auf einer Parcours-H\u00fcpfburg, einer Mini-H\u00fcpfburg f\u00fcr die \u201eKleinsten der Kleinen\u201c und einem Human-Soccer-Menschenkicker, letzteres zur Verf\u00fcgung gestellt von Christian Winter von winter-event.de. Die G\u00e4ste lie\u00dfen sich neben den Grillspezialit\u00e4ten auch den Nachmittagskuchen schmecken. Rege Teilnahme am traditionellen TV-Ratespiel fand ebenfalls statt. In diesem Jahr galt es die Anzahl von Geldm\u00fcnzen in einem Glas zu erraten. Der genaue Betrag in H\u00f6he von Euro 68,29 wurde nicht erraten. Am n\u00e4chsten am Tipp war Tanja Lex (68,30) und gewann den Gutschein in H\u00f6he von Euro 30,- f\u00fcr einen Einkaufsmarkt. Den zweiten Platz, Einkaufsgutschrein \u00fcber Euro 20,-, erzielte mit 69,73 Laura Euler. Beim dritten Platz gewann Andr\u00e9 Stiene mit 68,79 einen Getr\u00e4nke- und Essensgutschein.<\/p>\n\n\n\n<figure class=\"wp-block-image size-large\"><img loading=\"lazy\" decoding=\"async\" width=\"762\" height=\"1024\" src=\"http:\/\/875jahrekirchgoens.de\/wp-content\/uploads\/2025\/05\/Sieger-Gewinnspiel-1.-Mai-2025-762x1024.jpeg\" alt=\"\" class=\"wp-image-16467\" srcset=\"http:\/\/875jahrekirchgoens.de\/wp-content\/uploads\/2025\/05\/Sieger-Gewinnspiel-1.-Mai-2025-762x1024.jpeg 762w, http:\/\/875jahrekirchgoens.de\/wp-content\/uploads\/2025\/05\/Sieger-Gewinnspiel-1.-Mai-2025-223x300.jpeg 223w, http:\/\/875jahrekirchgoens.de\/wp-content\/uploads\/2025\/05\/Sieger-Gewinnspiel-1.-Mai-2025-768x1033.jpeg 768w, http:\/\/875jahrekirchgoens.de\/wp-content\/uploads\/2025\/05\/Sieger-Gewinnspiel-1.-Mai-2025.jpeg 952w\" sizes=\"auto, (max-width: 762px) 100vw, 762px\" \/><\/figure>\n\n\n\n<p>Zur Siegerehrung zum Gewinnspiel von links Andr\u00e9 Stiene, Tanja Lex, TV-Vorsitzender Thorsten Metz und Felix Maiwald (2. Vorsitzender). F\u00fcr das Engagement der vielen Helfer und Kuchenspender bedankt sich der TV recht herzlich.<br>\u00a0<\/p>\n\n\n\n<p>Bild: Ann-Christin Hartmann \/ Kirch-G\u00f6ns<\/p>\n","protected":false},"excerpt":{"rendered":"<p>(Mz.) Sehr gut besucht war die 1.-Mai-Feier des Turnvereins Vorw\u00e4rts 1891 Kirch-G\u00f6ns auf dem \u00f6rtlichen Sportplatzgel\u00e4nde. Bei strahlendem Sonnenschein waren schon fr\u00fch alle Pl\u00e4tze besetzt und die Besucher aus nah und fern verlebten einige fr\u00f6hliche Stunden. Viele Wandergruppen und Radfahrer konnte der TV begr\u00fc\u00dfen. Die Kids hatten gro\u00dfen Spa\u00df auf einer Parcours-H\u00fcpfburg, einer Mini-H\u00fcpfburg f\u00fcr &#8230; <a title=\"1.-Mai-Feier des TV Vorw\u00e4rts 1891 Kirch-G\u00f6ns\" class=\"read-more\" href=\"http:\/\/875jahrekirchgoens.de\/?p=16466\" aria-label=\"Mehr Informationen \u00fcber 1.-Mai-Feier des TV Vorw\u00e4rts 1891 Kirch-G\u00f6ns\">Weiterlesen<\/a><\/p>\n","protected":false},"author":1,"featured_media":0,"comment_status":"closed","ping_status":"open","sticky":false,"template":"","format":"standard","meta":{"footnotes":""},"categories":[1],"tags":[],"class_list":["post-16466","post","type-post","status-publish","format-standard","hentry","category-infos"],"_links":{"self":[{"href":"http:\/\/875jahrekirchgoens.de\/index.php?rest_route=\/wp\/v2\/posts\/16466","targetHints":{"allow":["GET"]}}],"collection":[{"href":"http:\/\/875jahrekirchgoens.de\/index.php?rest_route=\/wp\/v2\/posts"}],"about":[{"href":"http:\/\/875jahrekirchgoens.de\/index.php?rest_route=\/wp\/v2\/types\/post"}],"author":[{"embeddable":true,"href":"http:\/\/875jahrekirchgoens.de\/index.php?rest_route=\/wp\/v2\/users\/1"}],"replies":[{"embeddable":true,"href":"http:\/\/875jahrekirchgoens.de\/index.php?rest_route=%2Fwp%2Fv2%2Fcomments&post=16466"}],"version-history":[{"count":1,"href":"http:\/\/875jahrekirchgoens.de\/index.php?rest_route=\/wp\/v2\/posts\/16466\/revisions"}],"predecessor-version":[{"id":16468,"href":"http:\/\/875jahrekirchgoens.de\/index.php?rest_route=\/wp\/v2\/posts\/16466\/revisions\/16468"}],"wp:attachment":[{"href":"http:\/\/875jahrekirchgoens.de\/index.php?rest_route=%2Fwp%2Fv2%2Fmedia&parent=16466"}],"wp:term":[{"taxonomy":"category","embeddable":true,"href":"http:\/\/875jahrekirchgoens.de\/index.php?rest_route=%2Fwp%2Fv2%2Fcategories&post=16466"},{"taxonomy":"post_tag","embeddable":true,"href":"http:\/\/875jahrekirchgoens.de\/index.php?rest_route=%2Fwp%2Fv2%2Ftags&post=16466"}],"curies":[{"name":"wp","href":"https:\/\/api.w.org\/{rel}","templated":true}]}}