{"id":16471,"date":"2025-06-03T15:18:12","date_gmt":"2025-06-03T15:18:12","guid":{"rendered":"http:\/\/875jahrekirchgoens.de\/?p=16471"},"modified":"2025-06-12T15:19:13","modified_gmt":"2025-06-12T15:19:13","slug":"koenigsschiessen-in-kirch-goens-2","status":"publish","type":"post","link":"http:\/\/875jahrekirchgoens.de\/?p=16471","title":{"rendered":"K\u00f6nigsschie\u00dfen in Kirch-G\u00f6ns"},"content":{"rendered":"\n<p>Das 62. K\u00f6nigsschie\u00dfen des Sch\u00fctzenvereins Kirch-G\u00f6ns 1962 findet am Freitag, 6. Juni, ab 19 Uhr in der Sch\u00fctzenhalle statt. Alle Aktiven und Vereinsmitglieder (aus dem Sch\u00fctzenverein und aus dem F\u00f6rderverein des Sch\u00fctzenvereins Kirch-G\u00f6ns) haben die Chance teilzunehmen und die Entscheidungen live zu erleben. \u201eSpannung pur ist angesagt, sind doch die Treffer und die finalen Entscheidungen per Video\u00fcbertragung detailgenau zu verfolgen\u201c, k\u00fcndigt der Verein an. Der Spa\u00df steht im Mittelpunkt. F\u00fcr das leibliche Wohl haben die Ehrenamtlichen mit Essen und Trinken gesorgt. Damit die Sieger geb\u00fchrend gefeiert werden, sind G\u00e4ste, Familienangeh\u00f6rige und Freunde herzlich willkommen, schreiben die Sch\u00fctzen.<\/p>\n\n\n\n<p>Quelle: Butzbacher Zeitung vom 3. Juni 2025<\/p>\n","protected":false},"excerpt":{"rendered":"<p>Das 62. K\u00f6nigsschie\u00dfen des Sch\u00fctzenvereins Kirch-G\u00f6ns 1962 findet am Freitag, 6. Juni, ab 19 Uhr in der Sch\u00fctzenhalle statt. Alle Aktiven und Vereinsmitglieder (aus dem Sch\u00fctzenverein und aus dem F\u00f6rderverein des Sch\u00fctzenvereins Kirch-G\u00f6ns) haben die Chance teilzunehmen und die Entscheidungen live zu erleben. \u201eSpannung pur ist angesagt, sind doch die Treffer und die finalen Entscheidungen &#8230; <a title=\"K\u00f6nigsschie\u00dfen in Kirch-G\u00f6ns\" class=\"read-more\" href=\"http:\/\/875jahrekirchgoens.de\/?p=16471\" aria-label=\"Mehr Informationen \u00fcber K\u00f6nigsschie\u00dfen in Kirch-G\u00f6ns\">Weiterlesen<\/a><\/p>\n","protected":false},"author":1,"featured_media":0,"comment_status":"closed","ping_status":"open","sticky":false,"template":"","format":"standard","meta":{"footnotes":""},"categories":[1],"tags":[],"class_list":["post-16471","post","type-post","status-publish","format-standard","hentry","category-infos"],"_links":{"self":[{"href":"http:\/\/875jahrekirchgoens.de\/index.php?rest_route=\/wp\/v2\/posts\/16471","targetHints":{"allow":["GET"]}}],"collection":[{"href":"http:\/\/875jahrekirchgoens.de\/index.php?rest_route=\/wp\/v2\/posts"}],"about":[{"href":"http:\/\/875jahrekirchgoens.de\/index.php?rest_route=\/wp\/v2\/types\/post"}],"author":[{"embeddable":true,"href":"http:\/\/875jahrekirchgoens.de\/index.php?rest_route=\/wp\/v2\/users\/1"}],"replies":[{"embeddable":true,"href":"http:\/\/875jahrekirchgoens.de\/index.php?rest_route=%2Fwp%2Fv2%2Fcomments&post=16471"}],"version-history":[{"count":1,"href":"http:\/\/875jahrekirchgoens.de\/index.php?rest_route=\/wp\/v2\/posts\/16471\/revisions"}],"predecessor-version":[{"id":16472,"href":"http:\/\/875jahrekirchgoens.de\/index.php?rest_route=\/wp\/v2\/posts\/16471\/revisions\/16472"}],"wp:attachment":[{"href":"http:\/\/875jahrekirchgoens.de\/index.php?rest_route=%2Fwp%2Fv2%2Fmedia&parent=16471"}],"wp:term":[{"taxonomy":"category","embeddable":true,"href":"http:\/\/875jahrekirchgoens.de\/index.php?rest_route=%2Fwp%2Fv2%2Fcategories&post=16471"},{"taxonomy":"post_tag","embeddable":true,"href":"http:\/\/875jahrekirchgoens.de\/index.php?rest_route=%2Fwp%2Fv2%2Ftags&post=16471"}],"curies":[{"name":"wp","href":"https:\/\/api.w.org\/{rel}","templated":true}]}}