{"id":16473,"date":"2025-05-30T15:19:54","date_gmt":"2025-05-30T15:19:54","guid":{"rendered":"http:\/\/875jahrekirchgoens.de\/?p=16473"},"modified":"2025-06-12T15:22:11","modified_gmt":"2025-06-12T15:22:11","slug":"goenser-grundschul-halle-geschlossen","status":"publish","type":"post","link":"http:\/\/875jahrekirchgoens.de\/?p=16473","title":{"rendered":"G\u00f6nser Grundschul-Halle geschlossen"},"content":{"rendered":"\n<p><em>Untersuchung der M\u00e4ngel an Tragwerk und elektronischen Einbauten dauert drei Monate<\/em><\/p>\n\n\n\n<p>Die Sporthalle der G\u00f6nser Grundschule ist derzeit gesperrt. Das sagte B\u00fcrgermeister Sascha Huber am Mittwoch im Gespr\u00e4ch mit der BZ. Um den Schul- und Vereinssport weiterzuf\u00fchren, werden derzeit an Ersatzl\u00f6sungen gearbeitet. Vorsorglich habe der Wetteraukreis ein vorl\u00e4ufiges Nutzungsverbot ausgesprochen, teilte die Kreisverwaltung auf Anfrage mit. Der Wetteraukreis als Schultr\u00e4ger stehe dazu im Austausch mit der Schulleitung und der Stadt Butzbach. \u201eHintergrund sind Hinweise auf bauliche und elektrotechnische M\u00e4ngel, die im Rahmen interner Pr\u00fcfungen aufgefallen sind\u201c, so die Auskunft des Kreises. Konkret betr\u00e4fen diese zum einen das Tragwerk der Halle, zum anderen sicherheitsrelevante elektrotechnische Einbauten wie etwa die Elektroverteilung, Sicherheitsbeleuchtung und Verkabelung in verschiedenen Bereichen. \u201eAus diesem Grund sind nun vertiefende Untersuchungen durch Fachingenieure erforderlich\u201c. Diese Pr\u00fcfungen werden nach Auskunft des Kreises voraussichtlich etwa drei Monate in Anspruch nehmen. \u201eJe nach Ergebnis sind im Anschluss umfangreiche Sanierungsarbeiten erforderlich\u201c. Ziel sei es, so schnell wie m\u00f6glich wieder eine uneingeschr\u00e4nkte, aber vor allem sichere Nutzung der Halle zu erm\u00f6glichen. Die Stadt Butzbach und die Schulleitung stimmen sich derzeit \u00fcber eine Nutzung der Mehrzweckhalle Kirch-\/Pohl-G\u00f6ns ab, die sich direkt gegen\u00fcber der G\u00f6nser Grundschule befindet. F\u00fcr den Sportunterricht k\u00f6nne zudem in den Sommermonaten das Sportfeld im Au\u00dfenbereich der Grundschule genutzt werden. B\u00fcrgermeister Huber sagte, die Stadtverwaltung sei dabei, eine ad\u00e4quate Ersatzl\u00f6sung zu finden, um das breite Sportangebot vom Kindertanz bis zur Seniorengymnastik und von Floorball bis Tischtennis in anderen Hallen erm\u00f6glichen zu k\u00f6nnen. Priorit\u00e4t habe der Schulsport. Die Stadt habe der Kreisverwaltung bereits Zeiten genannt, in denen die st\u00e4dtische Mehrzweckhalle daf\u00fcr genutzt werden k\u00f6nne. \u201eWir hoffen, dass die Pr\u00fcfung kurzfristig erfolgt und bald beendet ist\u201c, sagte Huber. Mit Blick auf eine m\u00f6gliche l\u00e4nger andauernde Schlie\u00dfung der Schulsporthalle sagte er, es blieben die Ergebnisse der Untersuchungen abzuwarten.<\/p>\n\n\n\n<p>Quelle und Bilder: Butzbacher Zeitung vom 30. Mai 2025<\/p>\n\n\n\n<figure class=\"wp-block-gallery has-nested-images columns-default is-cropped wp-block-gallery-1 is-layout-flex wp-block-gallery-is-layout-flex\">\n<figure class=\"wp-block-image size-large\"><img loading=\"lazy\" decoding=\"async\" width=\"658\" height=\"396\" data-id=\"16474\" src=\"http:\/\/875jahrekirchgoens.de\/wp-content\/uploads\/2025\/06\/Turnhalle.jpg\" alt=\"\" class=\"wp-image-16474\" srcset=\"http:\/\/875jahrekirchgoens.de\/wp-content\/uploads\/2025\/06\/Turnhalle.jpg 658w, http:\/\/875jahrekirchgoens.de\/wp-content\/uploads\/2025\/06\/Turnhalle-300x181.jpg 300w\" sizes=\"auto, (max-width: 658px) 100vw, 658px\" \/><\/figure>\n\n\n\n<figure class=\"wp-block-image size-large\"><img loading=\"lazy\" decoding=\"async\" width=\"653\" height=\"394\" data-id=\"16475\" src=\"http:\/\/875jahrekirchgoens.de\/wp-content\/uploads\/2025\/06\/Turnhalle2.jpg\" alt=\"\" class=\"wp-image-16475\" srcset=\"http:\/\/875jahrekirchgoens.de\/wp-content\/uploads\/2025\/06\/Turnhalle2.jpg 653w, http:\/\/875jahrekirchgoens.de\/wp-content\/uploads\/2025\/06\/Turnhalle2-300x181.jpg 300w\" sizes=\"auto, (max-width: 653px) 100vw, 653px\" \/><\/figure>\n<\/figure>\n\n\n\n<p><br>\u00a0Die Turnhalle der G\u00f6nser Grundschule darf wegen baulicher M\u00e4ngel derzeit nicht genutzt werden. Wie der Wetteraukreis mitteilt, wird die Pr\u00fcfung der Sch\u00e4den etwa drei Monate dauern, bevor \u00fcber weitere Schritte entschieden werden kann.<br>\u00a0<\/p>\n","protected":false},"excerpt":{"rendered":"<p>Untersuchung der M\u00e4ngel an Tragwerk und elektronischen Einbauten dauert drei Monate Die Sporthalle der G\u00f6nser Grundschule ist derzeit gesperrt. Das sagte B\u00fcrgermeister Sascha Huber am Mittwoch im Gespr\u00e4ch mit der BZ. Um den Schul- und Vereinssport weiterzuf\u00fchren, werden derzeit an Ersatzl\u00f6sungen gearbeitet. Vorsorglich habe der Wetteraukreis ein vorl\u00e4ufiges Nutzungsverbot ausgesprochen, teilte die Kreisverwaltung auf Anfrage &#8230; <a title=\"G\u00f6nser Grundschul-Halle geschlossen\" class=\"read-more\" href=\"http:\/\/875jahrekirchgoens.de\/?p=16473\" aria-label=\"Mehr Informationen \u00fcber G\u00f6nser Grundschul-Halle geschlossen\">Weiterlesen<\/a><\/p>\n","protected":false},"author":1,"featured_media":0,"comment_status":"closed","ping_status":"open","sticky":false,"template":"","format":"standard","meta":{"footnotes":""},"categories":[1],"tags":[],"class_list":["post-16473","post","type-post","status-publish","format-standard","hentry","category-infos"],"_links":{"self":[{"href":"http:\/\/875jahrekirchgoens.de\/index.php?rest_route=\/wp\/v2\/posts\/16473","targetHints":{"allow":["GET"]}}],"collection":[{"href":"http:\/\/875jahrekirchgoens.de\/index.php?rest_route=\/wp\/v2\/posts"}],"about":[{"href":"http:\/\/875jahrekirchgoens.de\/index.php?rest_route=\/wp\/v2\/types\/post"}],"author":[{"embeddable":true,"href":"http:\/\/875jahrekirchgoens.de\/index.php?rest_route=\/wp\/v2\/users\/1"}],"replies":[{"embeddable":true,"href":"http:\/\/875jahrekirchgoens.de\/index.php?rest_route=%2Fwp%2Fv2%2Fcomments&post=16473"}],"version-history":[{"count":1,"href":"http:\/\/875jahrekirchgoens.de\/index.php?rest_route=\/wp\/v2\/posts\/16473\/revisions"}],"predecessor-version":[{"id":16476,"href":"http:\/\/875jahrekirchgoens.de\/index.php?rest_route=\/wp\/v2\/posts\/16473\/revisions\/16476"}],"wp:attachment":[{"href":"http:\/\/875jahrekirchgoens.de\/index.php?rest_route=%2Fwp%2Fv2%2Fmedia&parent=16473"}],"wp:term":[{"taxonomy":"category","embeddable":true,"href":"http:\/\/875jahrekirchgoens.de\/index.php?rest_route=%2Fwp%2Fv2%2Fcategories&post=16473"},{"taxonomy":"post_tag","embeddable":true,"href":"http:\/\/875jahrekirchgoens.de\/index.php?rest_route=%2Fwp%2Fv2%2Ftags&post=16473"}],"curies":[{"name":"wp","href":"https:\/\/api.w.org\/{rel}","templated":true}]}}