{"id":16477,"date":"2025-05-16T15:23:23","date_gmt":"2025-05-16T15:23:23","guid":{"rendered":"http:\/\/875jahrekirchgoens.de\/?p=16477"},"modified":"2025-06-12T15:24:52","modified_gmt":"2025-06-12T15:24:52","slug":"er-will-dich","status":"publish","type":"post","link":"http:\/\/875jahrekirchgoens.de\/?p=16477","title":{"rendered":"Er will Dich"},"content":{"rendered":"\n<p>Die evangelische Kirchengemeinde Kirch-G\u00f6ns und Pohl-G\u00f6ns feierte Konfirmation. 15 Jugendliche wurde an diesen besonderen Feiertagen der Segen Gottes zugesprochen. David Lieder bezog sich in seiner Predigt auf etwas, dass die Konfirmanden in ihrem Konfi-Jahr selbst erlebt haben: einen zerbrochenen Blumentopf wieder zusammen zu setzen, um darin neue Pflanzen wachsen zu lassen. \u201eGott will kein perfektes Gef\u00e4\u00df f\u00fcr seine Liebe und sein Vertrauen, er will dich \u2013 mit allem, was Dein Leben ausmacht\u201c. Das linke Foto die Konfirmanden in Pohl-G\u00f6ns (v. l.): Lena Lex, Maja Schlosser, Svenja Maa\u00df, Sophie Stoll, Carolina Schneider, Mia Artus und Pfarrer David Lieder. Das rechte Foto zeigt die Konfirmanden in Kirch-G\u00f6ns (v. l.): Frederik Scheld, Isabell D\u00f6ring, Talina Schulthei\u00df, Andrew Sippel, Lotta Hunzelar, Arjen Hollerith, Jonas Langsdorf und Noah Key.<\/p>\n\n\n\n<p>Quelle und Bilder: Butzbacher Zeitung vom 16. Mai 2025<\/p>\n\n\n\n<figure class=\"wp-block-gallery has-nested-images columns-default is-cropped wp-block-gallery-1 is-layout-flex wp-block-gallery-is-layout-flex\">\n<figure class=\"wp-block-image size-large\"><img loading=\"lazy\" decoding=\"async\" width=\"631\" height=\"399\" data-id=\"16478\" src=\"http:\/\/875jahrekirchgoens.de\/wp-content\/uploads\/2025\/06\/Konfi.jpg\" alt=\"\" class=\"wp-image-16478\" srcset=\"http:\/\/875jahrekirchgoens.de\/wp-content\/uploads\/2025\/06\/Konfi.jpg 631w, http:\/\/875jahrekirchgoens.de\/wp-content\/uploads\/2025\/06\/Konfi-300x190.jpg 300w\" sizes=\"auto, (max-width: 631px) 100vw, 631px\" \/><\/figure>\n\n\n\n<figure class=\"wp-block-image size-large\"><img loading=\"lazy\" decoding=\"async\" width=\"366\" height=\"218\" data-id=\"16479\" src=\"http:\/\/875jahrekirchgoens.de\/wp-content\/uploads\/2025\/06\/Konfi.png\" alt=\"\" class=\"wp-image-16479\" srcset=\"http:\/\/875jahrekirchgoens.de\/wp-content\/uploads\/2025\/06\/Konfi.png 366w, http:\/\/875jahrekirchgoens.de\/wp-content\/uploads\/2025\/06\/Konfi-300x179.png 300w\" sizes=\"auto, (max-width: 366px) 100vw, 366px\" \/><\/figure>\n<\/figure>\n","protected":false},"excerpt":{"rendered":"<p>Die evangelische Kirchengemeinde Kirch-G\u00f6ns und Pohl-G\u00f6ns feierte Konfirmation. 15 Jugendliche wurde an diesen besonderen Feiertagen der Segen Gottes zugesprochen. David Lieder bezog sich in seiner Predigt auf etwas, dass die Konfirmanden in ihrem Konfi-Jahr selbst erlebt haben: einen zerbrochenen Blumentopf wieder zusammen zu setzen, um darin neue Pflanzen wachsen zu lassen. \u201eGott will kein perfektes &#8230; <a title=\"Er will Dich\" class=\"read-more\" href=\"http:\/\/875jahrekirchgoens.de\/?p=16477\" aria-label=\"Mehr Informationen \u00fcber Er will Dich\">Weiterlesen<\/a><\/p>\n","protected":false},"author":1,"featured_media":0,"comment_status":"closed","ping_status":"open","sticky":false,"template":"","format":"standard","meta":{"footnotes":""},"categories":[1],"tags":[],"class_list":["post-16477","post","type-post","status-publish","format-standard","hentry","category-infos"],"_links":{"self":[{"href":"http:\/\/875jahrekirchgoens.de\/index.php?rest_route=\/wp\/v2\/posts\/16477","targetHints":{"allow":["GET"]}}],"collection":[{"href":"http:\/\/875jahrekirchgoens.de\/index.php?rest_route=\/wp\/v2\/posts"}],"about":[{"href":"http:\/\/875jahrekirchgoens.de\/index.php?rest_route=\/wp\/v2\/types\/post"}],"author":[{"embeddable":true,"href":"http:\/\/875jahrekirchgoens.de\/index.php?rest_route=\/wp\/v2\/users\/1"}],"replies":[{"embeddable":true,"href":"http:\/\/875jahrekirchgoens.de\/index.php?rest_route=%2Fwp%2Fv2%2Fcomments&post=16477"}],"version-history":[{"count":1,"href":"http:\/\/875jahrekirchgoens.de\/index.php?rest_route=\/wp\/v2\/posts\/16477\/revisions"}],"predecessor-version":[{"id":16480,"href":"http:\/\/875jahrekirchgoens.de\/index.php?rest_route=\/wp\/v2\/posts\/16477\/revisions\/16480"}],"wp:attachment":[{"href":"http:\/\/875jahrekirchgoens.de\/index.php?rest_route=%2Fwp%2Fv2%2Fmedia&parent=16477"}],"wp:term":[{"taxonomy":"category","embeddable":true,"href":"http:\/\/875jahrekirchgoens.de\/index.php?rest_route=%2Fwp%2Fv2%2Fcategories&post=16477"},{"taxonomy":"post_tag","embeddable":true,"href":"http:\/\/875jahrekirchgoens.de\/index.php?rest_route=%2Fwp%2Fv2%2Ftags&post=16477"}],"curies":[{"name":"wp","href":"https:\/\/api.w.org\/{rel}","templated":true}]}}