{"id":16487,"date":"2025-04-26T15:32:31","date_gmt":"2025-04-26T15:32:31","guid":{"rendered":"http:\/\/875jahrekirchgoens.de\/?p=16487"},"modified":"2025-06-12T15:33:55","modified_gmt":"2025-06-12T15:33:55","slug":"letzte-etappe-in-jordanien","status":"publish","type":"post","link":"http:\/\/875jahrekirchgoens.de\/?p=16487","title":{"rendered":"Letzte Etappe in Jordanien"},"content":{"rendered":"\n<p><em>Handball: Wolfgang Lowak geh\u00f6rt nun zu IHF-Experten<\/em><\/p>\n\n\n\n<p><br>Gro\u00dfe Ehre f\u00fcr den erfolgreichen Handball-Trainer Wolfgang Lowak au dem Butzbacher Stadtteil Kirch-G\u00f6ns. Die Internationale Handball-F\u00f6deration (IHF) hat den 76-j\u00e4hrigen ehemaligen Lehrer f\u00fcr Deutsch, Englisch und Sport in den erlesenen Kreis der HHF-CCM-Experten berufen. Die \u201eCommission of Coaching und Methods\u201c besch\u00e4ftigt sich weltweit mit der Nachwuchsrekrutierung. Schwerpunktm\u00e4\u00dfig geht es um den Aufbau von generellen Strukturen in Handball-Verb\u00e4nden weltweit. Der Deutsche Handballbund hat es sich zur Aufgabe gemacht, den Handballsport global nachhaltig zu st\u00e4rken und neue Ideen zu pr\u00e4sentieren. Die generelle Strategie und Professionalisierung in der Nachwuchsarbeit werde gut angenommen. Beim DHB freue man sich, dass das eigene Wissen \u00fcber die deutschen IHF-Experten wie den A-Lizens-Trainer Lowak an andere Nationen weitergeben werden k\u00f6nne. Lowak, der in seiner langen recht erfolgreichen Trainer-Laufbahn bereits einige Auslandsaufenthalte hinter sich gebracht hat, ist seit gut drei Jahren im Handball-Verband des K\u00f6nigreichs Jordanien mit der Nachwuchsf\u00f6rderung und der Trainerausbildung befasst. Der Kirch-G\u00f6nser konnte dort schon einiges auf die Beine stellen, was der IHF nicht verborgen geblieben ist. \u201eAuf meine Nominierung bin ich sehr stolz. Ich konnte in all den Jahren wohl einiges bewegen. Das jedenfalls behaupten mein Chef Prof. Taisyir Mansi, der Pr\u00e4sident des Handball-Verbandes Jordaniens, und der Deutsche Olympische Sportverband, dem ich Rechenschaft schuldig bin\u201c. Lowak, der seine Mission im K\u00f6nigsreich im Dezember 2025 beenden und nach Deutschland zur\u00fcckkehren wird, konzentriert sich augenblicklich auf die Weiterentwicklung der 16 (elf m\u00e4nnliche und f\u00fcnf weibliche) Talentf\u00f6rdergruppen, die Ende April ihre letzten Turniere spielen und danach in f\u00fcnf (drei m\u00e4nnliche und zwei weibliche) Aufbaugruppen weitergef\u00fchrt werden. Die von ihm ausgebildeten Trainer werden nach diesen Festivals wieder neue Kinder im Alter von elf bzw. zw\u00f6lf Jahren rekrutieren und anleiten. Weiterhin beaufsichtigt Lowak zurzeit die Vorbereitung der U17 (Jahrgang 2008\/09) auf die Asienmeisterschaft vom 1. bis 10. Juli in der jordanischen Hauptstadt Aman. Alle Spieler stammen aus den von Lowak formierten Zentren und zeigen bereits entsprechende Leistungen. Schwerpunkt sei u. a. die Auswahl an talentierten k\u00f6rperlich gro\u00dfen Jungen und Linksh\u00e4ndern gewesen. \u201eDas ist mir und meinem Trainerstab ganz gut gelungen. Leider kommen wir noch nicht ganz an die Leistungsst\u00e4rke der Golfstaaten Bahrain, Kuweit, Saudi-Arabien und Katar heran, die ein offenes Budget haben uns sich gr\u00f6\u00dftenteils in Europa vorbereiten. Schwergewichte in Asien sind S\u00fcdkorea und Japan. Mein Wunsch w\u00e4re ein Platz von vier bis sechs bei der Asienmeisterschaft. Das w\u00e4re schon ein gro\u00dfer Erfolg\u201c. Im ai wird Lowak einige Tage in Hessen verbringen. Danach beginnt die wohl letzte Etappe des frisch gebackenen CCM-Experten der IHF auf seiner Handball-Mission im K\u00f6nigreich Jordanien.<\/p>\n\n\n\n<p>Quelle und Bild: Butzbacher Zeitung vom 26. April 2025<\/p>\n\n\n\n<figure class=\"wp-block-image size-full\"><img loading=\"lazy\" decoding=\"async\" width=\"487\" height=\"605\" src=\"http:\/\/875jahrekirchgoens.de\/wp-content\/uploads\/2025\/06\/Handball2.jpg\" alt=\"\" class=\"wp-image-16488\" srcset=\"http:\/\/875jahrekirchgoens.de\/wp-content\/uploads\/2025\/06\/Handball2.jpg 487w, http:\/\/875jahrekirchgoens.de\/wp-content\/uploads\/2025\/06\/Handball2-241x300.jpg 241w\" sizes=\"auto, (max-width: 487px) 100vw, 487px\" \/><\/figure>\n\n\n\n<p>\u00a0Die internationale Handball-F\u00f6deration hat Wolfgang Lowak aus Kirch-G\u00f6ns in den Kreis der IHF-CCM-Experten berufen.<\/p>\n","protected":false},"excerpt":{"rendered":"<p>Handball: Wolfgang Lowak geh\u00f6rt nun zu IHF-Experten Gro\u00dfe Ehre f\u00fcr den erfolgreichen Handball-Trainer Wolfgang Lowak au dem Butzbacher Stadtteil Kirch-G\u00f6ns. Die Internationale Handball-F\u00f6deration (IHF) hat den 76-j\u00e4hrigen ehemaligen Lehrer f\u00fcr Deutsch, Englisch und Sport in den erlesenen Kreis der HHF-CCM-Experten berufen. Die \u201eCommission of Coaching und Methods\u201c besch\u00e4ftigt sich weltweit mit der Nachwuchsrekrutierung. Schwerpunktm\u00e4\u00dfig geht &#8230; <a title=\"Letzte Etappe in Jordanien\" class=\"read-more\" href=\"http:\/\/875jahrekirchgoens.de\/?p=16487\" aria-label=\"Mehr Informationen \u00fcber Letzte Etappe in Jordanien\">Weiterlesen<\/a><\/p>\n","protected":false},"author":1,"featured_media":0,"comment_status":"closed","ping_status":"open","sticky":false,"template":"","format":"standard","meta":{"footnotes":""},"categories":[1],"tags":[],"class_list":["post-16487","post","type-post","status-publish","format-standard","hentry","category-infos"],"_links":{"self":[{"href":"http:\/\/875jahrekirchgoens.de\/index.php?rest_route=\/wp\/v2\/posts\/16487","targetHints":{"allow":["GET"]}}],"collection":[{"href":"http:\/\/875jahrekirchgoens.de\/index.php?rest_route=\/wp\/v2\/posts"}],"about":[{"href":"http:\/\/875jahrekirchgoens.de\/index.php?rest_route=\/wp\/v2\/types\/post"}],"author":[{"embeddable":true,"href":"http:\/\/875jahrekirchgoens.de\/index.php?rest_route=\/wp\/v2\/users\/1"}],"replies":[{"embeddable":true,"href":"http:\/\/875jahrekirchgoens.de\/index.php?rest_route=%2Fwp%2Fv2%2Fcomments&post=16487"}],"version-history":[{"count":1,"href":"http:\/\/875jahrekirchgoens.de\/index.php?rest_route=\/wp\/v2\/posts\/16487\/revisions"}],"predecessor-version":[{"id":16489,"href":"http:\/\/875jahrekirchgoens.de\/index.php?rest_route=\/wp\/v2\/posts\/16487\/revisions\/16489"}],"wp:attachment":[{"href":"http:\/\/875jahrekirchgoens.de\/index.php?rest_route=%2Fwp%2Fv2%2Fmedia&parent=16487"}],"wp:term":[{"taxonomy":"category","embeddable":true,"href":"http:\/\/875jahrekirchgoens.de\/index.php?rest_route=%2Fwp%2Fv2%2Fcategories&post=16487"},{"taxonomy":"post_tag","embeddable":true,"href":"http:\/\/875jahrekirchgoens.de\/index.php?rest_route=%2Fwp%2Fv2%2Ftags&post=16487"}],"curies":[{"name":"wp","href":"https:\/\/api.w.org\/{rel}","templated":true}]}}