{"id":16490,"date":"2025-04-25T15:34:57","date_gmt":"2025-04-25T15:34:57","guid":{"rendered":"http:\/\/875jahrekirchgoens.de\/?p=16490"},"modified":"2025-06-12T15:37:55","modified_gmt":"2025-06-12T15:37:55","slug":"alle-aemter-wieder-besetzt","status":"publish","type":"post","link":"http:\/\/875jahrekirchgoens.de\/?p=16490","title":{"rendered":"Alle \u00c4mter wieder besetzt"},"content":{"rendered":"\n<p><em>R\u00fcdiger Weinmann und Kurt Hartig nun im Vorstand der Sch\u00fctzen Kirch-G\u00f6ns<\/em><\/p>\n\n\n\n<p>Die Mitgliederversammlung des Sch\u00fctzenvereins 1962 und des F\u00f6rdervereins des Sch\u00fctzenvereins war wieder zahlreich besucht, wie der Verein berichtet. Vorsitzender Gunther M\u00fcller er\u00f6ffnete die Versammlung, begr\u00fc\u00dfte unter anderem Ehrenmitglied Hagen Heinz und die K\u00f6nigsfamilie. Nach einem Gedenken an die im letzten Jahr verstorbenen Vereinsmitglieder Christian Mack und Oswald Kl\u00f6s folgten die Vorstandsberichte. Im Bericht des Vorsitzenden wurden die wesentlichen Aktivit\u00e4ten und Entwicklungen des Vereins in den letzten zw\u00f6lf Monaten zusammengefasst. Positiv sind der regelm\u00e4\u00dfige Trainingsbetrieb und die Teilnahme an den Rundenwettk\u00e4mpfen und an dem Bezirksk\u00f6nigsschie\u00dfen. Das K\u00f6nigsschie\u00dfen und wie das Jahresabschlussschie\u00dfen wurden von den Mitgliedern sehr gut angenommen. Auch der gemeinsame Kappenabend mit dem TV war ein toller Erfolg und hat sich als Veranstaltung gut in Kirch-G\u00f6ns etabliert. Beim Ortspokalschie\u00dfen konnte erstmalig auch aufgelegt geschossen werden, die Teilnahme der Ortsvereine und Gruppen war jedoch nicht sehr gro\u00df. Der Sch\u00fctzenverein w\u00fcrde sich \u00fcber zahlreiche Teilnehmer in diesem Jahr sehr freuen, das Wertungsschie\u00dfen findet am 18. und 19. September und das Finalschie\u00dfen am 21. September 2025 statt. Viele notwendige Reparaturarbeiten konnten dank flei\u00dfiger Mitglieder umgesetzt werden. Der Aufenthaltsraum sowie die Sanit\u00e4ranlagen erstrahlen im neuen \u201eLook\u201c. Auch f\u00fcr dieses Jahr sind weitere Renovierungen zum Erhalt der Sch\u00fctzenhalle geplant. Wer mithelfen m\u00f6chte, ist jederzeit herzlich willkommen, einfach ein Vorstandsmitglied ansprechen. Der Kassenbericht zeigt ein ausgeglichenes Ergebnis. Trotz hoher Ausgaben f\u00fcr Renovierungen und Unterhaltungskosten konnte das Jahr gem\u00e4\u00df Haushaltsplan abgeschlossen werden. Karsten M\u00fcller wurde f\u00fcr 40j\u00e4hrige Vereinszugeh\u00f6rigkeit geehrt. F\u00fcr 50-j\u00e4hrige Vereinszugeh\u00f6rigkeit wurden Gerhard Boller und Norbert Boller geehrt. Als Anerkennung erhalten sie eine Urkunde und das einzigartige Bierglas mit Vereinsemblem. Michaela R\u00f6hrig-M\u00fcller wurde erneut als Sch\u00fctzin des Jahres ausgezeichnet mit einer weiteren Leistungssteigerung von +4,8 Ringen im Durchschnitt zu den Rundenwettk\u00e4mpfen im Vorjahr. In diesem Jahr standen turnusgem\u00e4\u00df alle Vorstands\u00e4mter des Sch\u00fctzenvereins und des F\u00f6rdervereins zur Wahl an. Der neue Vorstand des Sch\u00fctzenvereins setzt sich wie folgt zusammen: Im Amt best\u00e4tigt wurden Gunther M\u00fcller (Vorsitzender), Rolf Hillefeld (stellvertretender Vorsitzender), Christian M\u00fcll (Sch\u00fctzenmeister), Karsten M\u00fcller (Kassierer) und Mirco Pierdomenico (zweiter Kassierer). Einen Wechsel gab es bei den \u00c4mtern Schriftf\u00fchrer und Jugendwart. Michaela R\u00f6hrig-M\u00fcller wurde als Schrift\u00fchrerin und Kurt Hartig als Jugendwart neu in den Vorstand gew\u00e4hlt. Seit mehr als f\u00fcnf Jahren konnte wieder das Amt des Hallenwartes mit R\u00fcdiger Weinmann besetzt werden. Ein gro\u00dfer Dank geht an alle amtierenden und neuen Vorstandsmitglieder f\u00fcr ihre ehrenamtliche Bereitschaft. Auch der Vorstand des F\u00f6rdervereins wurde neu gew\u00e4hlt, Gunther M\u00fcller wurde als Vorsitzender und Karsten M\u00fcller als Kassierer wiedergew\u00e4hlt, neu in den Vorstand wurde Michaela R\u00f6hrig-M\u00fcller als Schriftf\u00fchrerin gew\u00e4hlt. Die gestiegenen Kosten durch Beitragserh\u00f6hungen der Sportverst\u00e4nde, gestiegene Versicherungspr\u00e4mien, Kosten f\u00fcr Energie sowie die hohen Aufwendungen zum Erhalt und Renovierung der Sch\u00fctzenhalle machen ein finanziell ausgeglichenes Wirtschaften mit den derzeitigen Einnahmen immer schwieriger, so der Verein. Eine Erh\u00f6hung des Mitgliedsbeitrages ab 2026 \u00fcber drei Jahre von jeweils einem Euro pro Jahr wurde einstimmig beschlossen. Auch einer Satzungs\u00e4nderung der Formulierung des Vereinszweck wurde zugestimmt. Gunther M\u00fcller dankte allen Aktiven, dass sie den Verein w\u00fcrdig vertreten haben und dem Vorstand f\u00fcr die gute Zusammenarbeit. Termine sind das K\u00f6nigsschie\u00dfen am 6. Juni, das Ortspokalschie\u00dfen am 18., 19. und 21. September und das Jahresabschlussschie\u00dfen am 29. Dezember.<\/p>\n\n\n\n<p>Quelle und Bilder: Butzbacher Zeitung vom 25. April 2025<\/p>\n\n\n\n<figure class=\"wp-block-image size-full\"><img loading=\"lazy\" decoding=\"async\" width=\"342\" height=\"154\" src=\"http:\/\/875jahrekirchgoens.de\/wp-content\/uploads\/2025\/06\/Schuetzen1.jpg\" alt=\"\" class=\"wp-image-16491\" srcset=\"http:\/\/875jahrekirchgoens.de\/wp-content\/uploads\/2025\/06\/Schuetzen1.jpg 342w, http:\/\/875jahrekirchgoens.de\/wp-content\/uploads\/2025\/06\/Schuetzen1-300x135.jpg 300w\" sizes=\"auto, (max-width: 342px) 100vw, 342px\" \/><\/figure>\n\n\n\n<p>Der Vorstand der Sch\u00fctzen (v. l.) Kurt Hartig, Christian M\u00fcll, Rolf Hillefeld, R\u00fcdiger Weinmann, Michaela R\u00f6hrig-M\u00fcller, Karsten M\u00fcller, Mirco Pierdomenico und Gunther M\u00fcller.<\/p>\n\n\n\n<figure class=\"wp-block-image size-full\"><img loading=\"lazy\" decoding=\"async\" width=\"245\" height=\"106\" src=\"http:\/\/875jahrekirchgoens.de\/wp-content\/uploads\/2025\/06\/Schuetzen2.jpg\" alt=\"\" class=\"wp-image-16492\"\/><\/figure>\n\n\n\n<p>Die Geehrten (v. l.) Norbert Boller, Karsten M\u00fcller, und Gerhard Boller mit dem Vereinsvorsitzenden Gunther M\u00fcller<\/p>\n\n\n\n<figure class=\"wp-block-image size-full\"><img loading=\"lazy\" decoding=\"async\" width=\"363\" height=\"477\" src=\"http:\/\/875jahrekirchgoens.de\/wp-content\/uploads\/2025\/06\/Schuetzen3.jpg\" alt=\"\" class=\"wp-image-16493\" srcset=\"http:\/\/875jahrekirchgoens.de\/wp-content\/uploads\/2025\/06\/Schuetzen3.jpg 363w, http:\/\/875jahrekirchgoens.de\/wp-content\/uploads\/2025\/06\/Schuetzen3-228x300.jpg 228w\" sizes=\"auto, (max-width: 363px) 100vw, 363px\" \/><\/figure>\n\n\n\n<p>Michaela R\u00f6hrig-M\u00fcller ist Sch\u00fctzin des Jahres.<\/p>\n","protected":false},"excerpt":{"rendered":"<p>R\u00fcdiger Weinmann und Kurt Hartig nun im Vorstand der Sch\u00fctzen Kirch-G\u00f6ns Die Mitgliederversammlung des Sch\u00fctzenvereins 1962 und des F\u00f6rdervereins des Sch\u00fctzenvereins war wieder zahlreich besucht, wie der Verein berichtet. Vorsitzender Gunther M\u00fcller er\u00f6ffnete die Versammlung, begr\u00fc\u00dfte unter anderem Ehrenmitglied Hagen Heinz und die K\u00f6nigsfamilie. Nach einem Gedenken an die im letzten Jahr verstorbenen Vereinsmitglieder Christian &#8230; <a title=\"Alle \u00c4mter wieder besetzt\" class=\"read-more\" href=\"http:\/\/875jahrekirchgoens.de\/?p=16490\" aria-label=\"Mehr Informationen \u00fcber Alle \u00c4mter wieder besetzt\">Weiterlesen<\/a><\/p>\n","protected":false},"author":1,"featured_media":0,"comment_status":"closed","ping_status":"open","sticky":false,"template":"","format":"standard","meta":{"footnotes":""},"categories":[1],"tags":[],"class_list":["post-16490","post","type-post","status-publish","format-standard","hentry","category-infos"],"_links":{"self":[{"href":"http:\/\/875jahrekirchgoens.de\/index.php?rest_route=\/wp\/v2\/posts\/16490","targetHints":{"allow":["GET"]}}],"collection":[{"href":"http:\/\/875jahrekirchgoens.de\/index.php?rest_route=\/wp\/v2\/posts"}],"about":[{"href":"http:\/\/875jahrekirchgoens.de\/index.php?rest_route=\/wp\/v2\/types\/post"}],"author":[{"embeddable":true,"href":"http:\/\/875jahrekirchgoens.de\/index.php?rest_route=\/wp\/v2\/users\/1"}],"replies":[{"embeddable":true,"href":"http:\/\/875jahrekirchgoens.de\/index.php?rest_route=%2Fwp%2Fv2%2Fcomments&post=16490"}],"version-history":[{"count":1,"href":"http:\/\/875jahrekirchgoens.de\/index.php?rest_route=\/wp\/v2\/posts\/16490\/revisions"}],"predecessor-version":[{"id":16494,"href":"http:\/\/875jahrekirchgoens.de\/index.php?rest_route=\/wp\/v2\/posts\/16490\/revisions\/16494"}],"wp:attachment":[{"href":"http:\/\/875jahrekirchgoens.de\/index.php?rest_route=%2Fwp%2Fv2%2Fmedia&parent=16490"}],"wp:term":[{"taxonomy":"category","embeddable":true,"href":"http:\/\/875jahrekirchgoens.de\/index.php?rest_route=%2Fwp%2Fv2%2Fcategories&post=16490"},{"taxonomy":"post_tag","embeddable":true,"href":"http:\/\/875jahrekirchgoens.de\/index.php?rest_route=%2Fwp%2Fv2%2Ftags&post=16490"}],"curies":[{"name":"wp","href":"https:\/\/api.w.org\/{rel}","templated":true}]}}