{"id":16497,"date":"2025-05-19T07:21:00","date_gmt":"2025-05-19T07:21:00","guid":{"rendered":"http:\/\/875jahrekirchgoens.de\/?p=16497"},"modified":"2025-06-13T07:22:58","modified_gmt":"2025-06-13T07:22:58","slug":"satzungsaenderung-und-ehrungsreigen-beim-tv-kirch-goens","status":"publish","type":"post","link":"http:\/\/875jahrekirchgoens.de\/?p=16497","title":{"rendered":"Satzungs\u00e4nderung und Ehrungsreigen beim TV Kirch-G\u00f6ns"},"content":{"rendered":"\n<p>(Mz.) in der diesj\u00e4hrigen Jahreshauptversammlung des Turnverein Vorw\u00e4rts 1891 Kirch-G\u00f6ns wurden viele Ehrungen verdienter Mitglieder im Kirch-G\u00f6nser Sportlerheim vorgenommen. Nach der Begr\u00fc\u00dfung erinnerte Vorsitzender Thorsten Metz die drei\u00dfig Anwesenden an die verstorbenen Mitglieder Heinz Sch\u00fcttke, Christian Mack, Helmut R\u00fchl und Ingrid Schwarzer. Metz blickte auf ein aktives Jahr zur\u00fcck. Ein sehr gut besuchter Kappenabend, der gemeinsam mit dem Sch\u00fctzenverein stattfand, das gemeinsame Kinder-Faschingstreiben, eine \u00e4u\u00dferst erfolgreiche 1. Mai-Feier am Sportplatzgel\u00e4nde Kirch-G\u00f6ns, die erfolgreiche Teilnahme am Ortspokalschie\u00dfen mit zwei Siegern im weiblichen und m\u00e4nnlichen Bereich, eine Abordnung am Volkstrauertag und Teilnahme an dem Rewe-Gewinnspiel rundeten das Gesch\u00e4ftsjahr des Vorstandes neben den \u00dcbungseinheiten in den einzelnen Sparten ab. U. a. stellt der TV einige Mitglieder in der Organisation zur 875-Jahr-Feier. Die einzelnen Sport-Abteilungen sind nach der \u00fcberstandenen Pandemie aktiv und rege besucht. Besonderen Dank sprach Metz an das Organisations-Team f\u00fcr den letztj\u00e4hrigen Weihnachtsmarkt im Dorfmittelpunkt aus. Aus der Turnabteilung berichtete Anne Beutel und Katharina Hankel aus den Abteilungen Sportakrobatik, Judo, Kung Fu, Breitensport und Kinderturnen. Gro\u00dfer Dank ging an alle Gruppenleiter f\u00fcr die vielen geleisteten Trainingsstunden und die Arbeit. F\u00fcr die Tischtennis-Abteilung berichtete Kurt Hartig \u00fcber die Saisonleistungen. Eine Tischtennis-Jugendmannschaft steht kurz vor ihrer Gr\u00fcndung und Meldung f\u00fcr die Saison 2025\/26. F\u00fcr die Freizeitsportabteilung berichtet Marco Reinhard \u00fcber die geselligen Aktivit\u00e4ten der Hobbyfu\u00dfballer. Martin Calling (Vorsitzender der HSG Butzbach) schilderte ausf\u00fchrlich die Situation der Handballer. Sowohl in der abgelaufenen als auch in der aktuellen Spielzeit. Der HSG-Vorstand trage w\u00f6chentlich daf\u00fcr, dass weit \u00fcber 100 Kinder und Jugendliche sowie 50 Aktive in den Trainingsstunden betreut werden. Um konkurrenzf\u00e4hige Mannschaften im Seniorenbereich stellen zu k\u00f6nnen, m\u00fcsse die Grundlage im Jugendbereich geschaffen werden. Hier sei die Handballabteilung auf einem guten Weg, was auch die Meisterschaften der weiblichen E- und D-Jugend in dieser Saison zeigen w\u00fcrden. Der R\u00fcckblick im Bereich der M\u00e4nner- und Frauenmannschaften ist positiv zu bewerten, da die Aush\u00e4ngeschilder der HSG sich gefangen h\u00e4tten. Im Jugendbereich, welche nur noch im weiblichen Bereich besetzt ist, sei man positiv gestimmt. Den Kassenbericht des TV verlas Kristina Euler. Wilfried Cott best\u00e4tigte als Kassenpr\u00fcfer einwandfreies Arbeiten. Der zweite Kassenpr\u00fcfer Andreas Diehl war entschuldigt. Die Entlastung des Vorstandes erfolgte einstimmig. Als neue Kassenpr\u00fcfer f\u00fcr 2025 und 2026 wurden Adelheid Hartmann und Sven Daniel von der Versammlung gew\u00e4hlt. Antr\u00e4ge von den Mitgliedern lagen nicht vor. Der Vorstand stellte einen Antrag zur Satzungs\u00e4nderung. Im Rahmen des Kindeswohl wurden die Vorgaben des Landessportbund vorgetragen und eine \u00c4nderung bzw. Zusatz im Zweck des Vereins erfolgte in der Satzung. Allgemein umfasst die Erg\u00e4nzung das Wohlergehen aller anvertrauten Kinder, Jugendlichen und Erwachsenen sowie insbesondere ein couragiertes Eintreten gegen sexualisierte Bel\u00e4stigung und Gewalt sowie Diskriminierung. Ferner wurde unter dem Satzungspunkt \u201eAusschluss\u201c eine Erg\u00e4nzung beantragt. Die Versammlung stimmte allen \u00c4nderungen der Satzung einstimmig zu. F\u00fcr 25j\u00e4hrige Mitgliedschaft wurden J\u00fcrgen R\u00fchl, Markus Lemp, Paul Hecker-Daum, Monika Langsdorf und Kristina Euler geehrt. Zu Ehrenmitgliedern (40j\u00e4hrige Mitgliedschaft) wurden Doris Nern und Bettina L\u00f6brich ernannt. F\u00fcr 50j\u00e4hrige Mitgliedschaft ehrte der TV Dieter Winter, Michael Lex und Harald Eckhard. F\u00fcr 70j\u00e4hrige Vereinszugeh\u00f6rigkeit wurden Egon Kr\u00e4mer, Erwin Reinhard, Gerhard Jung und Leni Braasch begl\u00fcckw\u00fcnscht. Metz nannte die Termine f\u00fcr die Mai-Feier, Teilnahme am Festzug zur 875-Jahrfeier von Kirch-G\u00f6ns und die gemeinsame Nikolausfeier der Turnabteilung Anfang Dezember. Unter Punkt Verschiedenes richteten der 2. Vorsitzende des Gesangvereins, J\u00fcrgen R\u00fchl, der 1. Vorsitzende der Freiwilligen Feuerwehr Kirch-G\u00f6ns, Steffen H\u00e4user, und der 2. Vorsitzende des TV 1905 Frisch Auf Pohl-G\u00f6ns, Philipp Riethm\u00fcller, die besten Gr\u00fc\u00dfe an den TV aus.<\/p>\n\n\n\n<p>Quelle und Bilder: TV Kirch-G\u00f6ns \/ 19. Mai 2025<\/p>\n\n\n\n<figure class=\"wp-block-image size-large\"><img loading=\"lazy\" decoding=\"async\" width=\"768\" height=\"1024\" src=\"http:\/\/875jahrekirchgoens.de\/wp-content\/uploads\/2025\/06\/Ehrungen-2025-768x1024.jpg\" alt=\"\" class=\"wp-image-16498\" srcset=\"http:\/\/875jahrekirchgoens.de\/wp-content\/uploads\/2025\/06\/Ehrungen-2025-768x1024.jpg 768w, http:\/\/875jahrekirchgoens.de\/wp-content\/uploads\/2025\/06\/Ehrungen-2025-225x300.jpg 225w, http:\/\/875jahrekirchgoens.de\/wp-content\/uploads\/2025\/06\/Ehrungen-2025-1152x1536.jpg 1152w, http:\/\/875jahrekirchgoens.de\/wp-content\/uploads\/2025\/06\/Ehrungen-2025-1536x2048.jpg 1536w, http:\/\/875jahrekirchgoens.de\/wp-content\/uploads\/2025\/06\/Ehrungen-2025-scaled.jpg 1920w\" sizes=\"auto, (max-width: 768px) 100vw, 768px\" \/><\/figure>\n\n\n\n<p>Ehrungen zur Jahreshauptversammlung beim TV Kirch-G\u00f6ns. V. l. Thorsten Metz (1. Vorsitzender), Kristina Euler, Erwin Reinhard, Gerhard Jung, Harald Eckhard, Bettina L\u00f6brich, J\u00fcrgen R\u00fchl, Egon Kr\u00e4mer und Felix Maiwald (kommissarisch 2. Vorsitzender).<br>\u00a0<\/p>\n","protected":false},"excerpt":{"rendered":"<p>(Mz.) in der diesj\u00e4hrigen Jahreshauptversammlung des Turnverein Vorw\u00e4rts 1891 Kirch-G\u00f6ns wurden viele Ehrungen verdienter Mitglieder im Kirch-G\u00f6nser Sportlerheim vorgenommen. Nach der Begr\u00fc\u00dfung erinnerte Vorsitzender Thorsten Metz die drei\u00dfig Anwesenden an die verstorbenen Mitglieder Heinz Sch\u00fcttke, Christian Mack, Helmut R\u00fchl und Ingrid Schwarzer. Metz blickte auf ein aktives Jahr zur\u00fcck. Ein sehr gut besuchter Kappenabend, der &#8230; <a title=\"Satzungs\u00e4nderung und Ehrungsreigen beim TV Kirch-G\u00f6ns\" class=\"read-more\" href=\"http:\/\/875jahrekirchgoens.de\/?p=16497\" aria-label=\"Mehr Informationen \u00fcber Satzungs\u00e4nderung und Ehrungsreigen beim TV Kirch-G\u00f6ns\">Weiterlesen<\/a><\/p>\n","protected":false},"author":1,"featured_media":0,"comment_status":"closed","ping_status":"open","sticky":false,"template":"","format":"standard","meta":{"footnotes":""},"categories":[1],"tags":[],"class_list":["post-16497","post","type-post","status-publish","format-standard","hentry","category-infos"],"_links":{"self":[{"href":"http:\/\/875jahrekirchgoens.de\/index.php?rest_route=\/wp\/v2\/posts\/16497","targetHints":{"allow":["GET"]}}],"collection":[{"href":"http:\/\/875jahrekirchgoens.de\/index.php?rest_route=\/wp\/v2\/posts"}],"about":[{"href":"http:\/\/875jahrekirchgoens.de\/index.php?rest_route=\/wp\/v2\/types\/post"}],"author":[{"embeddable":true,"href":"http:\/\/875jahrekirchgoens.de\/index.php?rest_route=\/wp\/v2\/users\/1"}],"replies":[{"embeddable":true,"href":"http:\/\/875jahrekirchgoens.de\/index.php?rest_route=%2Fwp%2Fv2%2Fcomments&post=16497"}],"version-history":[{"count":1,"href":"http:\/\/875jahrekirchgoens.de\/index.php?rest_route=\/wp\/v2\/posts\/16497\/revisions"}],"predecessor-version":[{"id":16499,"href":"http:\/\/875jahrekirchgoens.de\/index.php?rest_route=\/wp\/v2\/posts\/16497\/revisions\/16499"}],"wp:attachment":[{"href":"http:\/\/875jahrekirchgoens.de\/index.php?rest_route=%2Fwp%2Fv2%2Fmedia&parent=16497"}],"wp:term":[{"taxonomy":"category","embeddable":true,"href":"http:\/\/875jahrekirchgoens.de\/index.php?rest_route=%2Fwp%2Fv2%2Fcategories&post=16497"},{"taxonomy":"post_tag","embeddable":true,"href":"http:\/\/875jahrekirchgoens.de\/index.php?rest_route=%2Fwp%2Fv2%2Ftags&post=16497"}],"curies":[{"name":"wp","href":"https:\/\/api.w.org\/{rel}","templated":true}]}}