{"id":16503,"date":"2025-08-31T07:57:43","date_gmt":"2025-08-31T07:57:43","guid":{"rendered":"https:\/\/875jahrekirchgoens.de\/?p=16503"},"modified":"2025-11-07T12:42:18","modified_gmt":"2025-11-07T12:42:18","slug":"festumzug-in-kirch-goens","status":"publish","type":"post","link":"http:\/\/875jahrekirchgoens.de\/?p=16503","title":{"rendered":"Festumzug in Kirch-G\u00f6ns"},"content":{"rendered":"\n<p>(Mz.) Anl\u00e4sslich der 875-Jahr-Feier von Kirch-G\u00f6ns findet am Sonntag, 31. August 2025, ab 11.00 Uhr ein Festumzug durch Kirch-G\u00f6ns statt. Die Aufstellung des Festumzuges erfolgt am Stautzert. Fahrzeuge und Festwagen m\u00fcssen bis sp\u00e4testens 10.00 Uhr am Aufstellungsort sein. Die Stra\u00dfensperrungen im Ort, ab 10.00 Uhr, sind zu beachten. Der Zug mit rund 450 Teilnehmern startet in der Schneidwaldstra\u00dfe (Stautzert) und beginnt in Richtung Bahnhofstra\u00dfe, biegt in die Gartenstra\u00dfe ein und gelangt so auf die Hauptstra\u00dfe. Dort verl\u00e4uft der Zug in Richtung Langg\u00f6ns weiter und f\u00fchrt \u00fcber die Taubgasse und Pfeifergasse wieder zur\u00fcck auf die Hauptstra\u00dfe auf der es in Richtung Pohl-G\u00f6ns zum Festplatzgel\u00e4nde (an der Mehrzweckhalle) weitergeht, wo sich der Zug dann gegen 12.30\/13.00 Uhr aufl\u00f6sen wird. Im Anschluss l\u00e4dt der Vorstand der Interessengemeinschaft der Kirch-G\u00f6nser Vereine und Gruppen zum Fr\u00fchschoppen im Festzelt ein. Die Anwohner an der Zugstrecke werden separat informiert und um entsprechende Ber\u00fccksichtigung gebeten. Die IG bittet darum, dass die verteilten Kirch-G\u00f6ns-F\u00e4hnchen von den Anwohnern entsprechend an der Wegstrecke angebracht werden.<\/p>\n","protected":false},"excerpt":{"rendered":"<p>(Mz.) Anl\u00e4sslich der 875-Jahr-Feier von Kirch-G\u00f6ns findet am Sonntag, 31. August 2025, ab 11.00 Uhr ein Festumzug durch Kirch-G\u00f6ns statt. Die Aufstellung des Festumzuges erfolgt am Stautzert. Fahrzeuge und Festwagen m\u00fcssen bis sp\u00e4testens 10.00 Uhr am Aufstellungsort sein. Die Stra\u00dfensperrungen im Ort, ab 10.00 Uhr, sind zu beachten. Der Zug mit rund 450 Teilnehmern startet &#8230; <a title=\"Festumzug in Kirch-G\u00f6ns\" class=\"read-more\" href=\"http:\/\/875jahrekirchgoens.de\/?p=16503\" aria-label=\"Mehr Informationen \u00fcber Festumzug in Kirch-G\u00f6ns\">Weiterlesen<\/a><\/p>\n","protected":false},"author":1,"featured_media":0,"comment_status":"closed","ping_status":"open","sticky":false,"template":"","format":"standard","meta":{"footnotes":""},"categories":[1],"tags":[],"class_list":["post-16503","post","type-post","status-publish","format-standard","hentry","category-infos"],"_links":{"self":[{"href":"http:\/\/875jahrekirchgoens.de\/index.php?rest_route=\/wp\/v2\/posts\/16503","targetHints":{"allow":["GET"]}}],"collection":[{"href":"http:\/\/875jahrekirchgoens.de\/index.php?rest_route=\/wp\/v2\/posts"}],"about":[{"href":"http:\/\/875jahrekirchgoens.de\/index.php?rest_route=\/wp\/v2\/types\/post"}],"author":[{"embeddable":true,"href":"http:\/\/875jahrekirchgoens.de\/index.php?rest_route=\/wp\/v2\/users\/1"}],"replies":[{"embeddable":true,"href":"http:\/\/875jahrekirchgoens.de\/index.php?rest_route=%2Fwp%2Fv2%2Fcomments&post=16503"}],"version-history":[{"count":1,"href":"http:\/\/875jahrekirchgoens.de\/index.php?rest_route=\/wp\/v2\/posts\/16503\/revisions"}],"predecessor-version":[{"id":16504,"href":"http:\/\/875jahrekirchgoens.de\/index.php?rest_route=\/wp\/v2\/posts\/16503\/revisions\/16504"}],"wp:attachment":[{"href":"http:\/\/875jahrekirchgoens.de\/index.php?rest_route=%2Fwp%2Fv2%2Fmedia&parent=16503"}],"wp:term":[{"taxonomy":"category","embeddable":true,"href":"http:\/\/875jahrekirchgoens.de\/index.php?rest_route=%2Fwp%2Fv2%2Fcategories&post=16503"},{"taxonomy":"post_tag","embeddable":true,"href":"http:\/\/875jahrekirchgoens.de\/index.php?rest_route=%2Fwp%2Fv2%2Ftags&post=16503"}],"curies":[{"name":"wp","href":"https:\/\/api.w.org\/{rel}","templated":true}]}}