{"id":16537,"date":"2025-10-22T10:53:00","date_gmt":"2025-10-22T10:53:00","guid":{"rendered":"https:\/\/875jahrekirchgoens.de\/?p=16537"},"modified":"2025-11-07T10:54:18","modified_gmt":"2025-11-07T10:54:18","slug":"ampeln-bleiben-stehen","status":"publish","type":"post","link":"http:\/\/875jahrekirchgoens.de\/?p=16537","title":{"rendered":"Ampeln bleiben stehen"},"content":{"rendered":"\n<p>Derzeit ist die Fahrbahn auf der B3 zwischen Kirch-G\u00f6ns und Pohl-G\u00f6ns halbseitig nicht befahrbar. Ampeln regeln die Durchfahrt. An einer Br\u00fccke hat die Energie und Versorgung Butzbach (EVB) in der vergangenen Woche eine private Wasser- und Kanalleitung saniert, wie Gesch\u00e4ftsf\u00fchrer Michael Garhamer auf Anfrage berichtet. Die Arbeiten seien abgeschlossen. Die Einschr\u00e4nkung h\u00e4tte aus Sicht der EVB wieder aufgehoben werden k\u00f6nnen. Allerdings hat die Stra\u00dfenmeisterei Friedberg die Absperrung f\u00fcr Arbeiten an und neben der Fahrbahn aufrechterhalten. Nach einem Auffahrunfall am Freitag vor dem Baustellenbereich hat dort ein Auto gebrannt (die BZ berichtete). Laut Auskunft der Stra\u00dfenmeisterei muss der betroffene Bereich der Stra\u00dfe nun repariert werden. Ferner seien bei dem Unfall Betriebsstoffe ausgetreten. Daher m\u00fcsse die Bankette neu aufgebaut werden. Dies soll in K\u00fcrze geschehen. Bis zur Behebung der Sch\u00e4den bleibe die Ampelregelung bestehen.<\/p>\n\n\n\n<figure class=\"wp-block-image size-full\"><img loading=\"lazy\" decoding=\"async\" width=\"945\" height=\"322\" src=\"https:\/\/875jahrekirchgoens.de\/wp-content\/uploads\/2025\/11\/grafik-6.png\" alt=\"\" class=\"wp-image-16538\" srcset=\"http:\/\/875jahrekirchgoens.de\/wp-content\/uploads\/2025\/11\/grafik-6.png 945w, http:\/\/875jahrekirchgoens.de\/wp-content\/uploads\/2025\/11\/grafik-6-300x102.png 300w, http:\/\/875jahrekirchgoens.de\/wp-content\/uploads\/2025\/11\/grafik-6-768x262.png 768w\" sizes=\"auto, (max-width: 945px) 100vw, 945px\" \/><\/figure>\n\n\n\n<p>Quelle und Bild: Butzbacher Zeitung vom 22. Oktober 2025<\/p>\n","protected":false},"excerpt":{"rendered":"<p>Derzeit ist die Fahrbahn auf der B3 zwischen Kirch-G\u00f6ns und Pohl-G\u00f6ns halbseitig nicht befahrbar. Ampeln regeln die Durchfahrt. An einer Br\u00fccke hat die Energie und Versorgung Butzbach (EVB) in der vergangenen Woche eine private Wasser- und Kanalleitung saniert, wie Gesch\u00e4ftsf\u00fchrer Michael Garhamer auf Anfrage berichtet. Die Arbeiten seien abgeschlossen. Die Einschr\u00e4nkung h\u00e4tte aus Sicht der &#8230; <a title=\"Ampeln bleiben stehen\" class=\"read-more\" href=\"http:\/\/875jahrekirchgoens.de\/?p=16537\" aria-label=\"Mehr Informationen \u00fcber Ampeln bleiben stehen\">Weiterlesen<\/a><\/p>\n","protected":false},"author":1,"featured_media":0,"comment_status":"closed","ping_status":"open","sticky":false,"template":"","format":"standard","meta":{"footnotes":""},"categories":[1],"tags":[],"class_list":["post-16537","post","type-post","status-publish","format-standard","hentry","category-infos"],"_links":{"self":[{"href":"http:\/\/875jahrekirchgoens.de\/index.php?rest_route=\/wp\/v2\/posts\/16537","targetHints":{"allow":["GET"]}}],"collection":[{"href":"http:\/\/875jahrekirchgoens.de\/index.php?rest_route=\/wp\/v2\/posts"}],"about":[{"href":"http:\/\/875jahrekirchgoens.de\/index.php?rest_route=\/wp\/v2\/types\/post"}],"author":[{"embeddable":true,"href":"http:\/\/875jahrekirchgoens.de\/index.php?rest_route=\/wp\/v2\/users\/1"}],"replies":[{"embeddable":true,"href":"http:\/\/875jahrekirchgoens.de\/index.php?rest_route=%2Fwp%2Fv2%2Fcomments&post=16537"}],"version-history":[{"count":1,"href":"http:\/\/875jahrekirchgoens.de\/index.php?rest_route=\/wp\/v2\/posts\/16537\/revisions"}],"predecessor-version":[{"id":16539,"href":"http:\/\/875jahrekirchgoens.de\/index.php?rest_route=\/wp\/v2\/posts\/16537\/revisions\/16539"}],"wp:attachment":[{"href":"http:\/\/875jahrekirchgoens.de\/index.php?rest_route=%2Fwp%2Fv2%2Fmedia&parent=16537"}],"wp:term":[{"taxonomy":"category","embeddable":true,"href":"http:\/\/875jahrekirchgoens.de\/index.php?rest_route=%2Fwp%2Fv2%2Fcategories&post=16537"},{"taxonomy":"post_tag","embeddable":true,"href":"http:\/\/875jahrekirchgoens.de\/index.php?rest_route=%2Fwp%2Fv2%2Ftags&post=16537"}],"curies":[{"name":"wp","href":"https:\/\/api.w.org\/{rel}","templated":true}]}}