{"id":16544,"date":"2025-10-21T11:10:00","date_gmt":"2025-10-21T11:10:00","guid":{"rendered":"https:\/\/875jahrekirchgoens.de\/?p=16544"},"modified":"2025-11-07T12:20:22","modified_gmt":"2025-11-07T12:20:22","slug":"cdu-laedt-pawlik-nach-kirch-goens-ein","status":"publish","type":"post","link":"http:\/\/875jahrekirchgoens.de\/?p=16544","title":{"rendered":"CDU l\u00e4dt Pawlik nach Kirch-G\u00f6ns ein"},"content":{"rendered":"\n<p><em>Ortsbegehung der Butzbacher Union zur Sicherheit und Infrastruktur<\/em><\/p>\n\n\n\n<p>J\u00fcngst hat eine Delegation der CDU Butzbach im Rahmen ihrer Ortsbegehungen Kirch-G\u00f6ns besucht und sich ein Bild von der dortigen Infrastruktur gemacht. Das berichtet die CDU. Die Kirch-G\u00f6ns und Vorsitzender der jungen Union Butzbach, Nils Henkel, und Ortsvorsteher Stefan Euler haben die Veranstaltung moderiert. Beide sich auch Mitglieder des Vorstands des CDU-Ortsverbandes G\u00f6ns. Ziel der Ortsbegehung sei es gewesen, die Situation zu analysieren und aktuelle Probleme zu diskutieren, damit sie zeitnah gel\u00f6st werden k\u00f6nnen \u2013 in der Kernstadt und Stadtteilen. Ein zentrales Thema in Kirch-G\u00f6ns sei es, die Sicherheit und Ordnung f\u00fcr die Bewohner zu st\u00e4rken, insbesondere in Bahnhofsn\u00e4he. Dieses Thema ergebe sich vor dem Hintergrund, dass seit mehreren Monaten Unbekannte versuchten in Kirch-G\u00f6ns Autos zu \u00f6ffnen und unter anderem aus Garagen und Gartenh\u00fctten Gegenst\u00e4nde stehlen. Unter den Einwohnern herrsche eine gro\u00dfe Verunsicherung. Es bestehe eine Messenger-Gruppe mit fas 300 Teilnehmern. F\u00fcr die CDU ist wichtig, dass das Thema ernst genommen wird und mit sinnvollen Ma\u00dfnahmen wie zum Beispiel einer Erh\u00f6hung der Polizeipr\u00e4senz gel\u00f6st wird. Auch Natalie Pawlik als Migrationsbeauftragte der Bundesregierung kann sich gerne ein Bild davon machen, wie Realit\u00e4ten auf den D\u00f6rfern tats\u00e4chlich aussehen, schreibt die CDU in ihrer Pressemitteilung, l\u00e4sst aber den Zusammenhang zwischen dem Thema und der Funktion der SPD-Bundestagsabgeordneten offen. Im Rahmen der Ortsbegehung seien Punkte und Entwicklungspotenziale besprochen worden, die seit vielen Jahren den Stadtteil begleiten. Dazu z\u00e4hlten der Ausbau der Infrastruktur durch eine Sanierung der Gartenstra\u00dfe und der Zugangsstra\u00dfe zum Wohngebiet Schmalbach, die Sanierung der Trauerhalle mit einer Verbesserung des Friedhofsgel\u00e4ndes und die Schaffung eines Pendlerparkplatzes am Kirch-G\u00f6nser Bahnhof. Die aktuelle Haushaltssituation sei schwierig, sodass in den Stadtteilen die tats\u00e4chlich zentralen Themen f\u00fcr die breite Bev\u00f6lkerung abgearbeitet werden sollten, hei\u00dft es in der CDU-Mitteilung. Die Teilnehmer des Dorfrundgangs halten es f\u00fcr sinnvoll, den Kirch-G\u00f6nser Sportplatz zu revitalisieren, damit dieser gerade f\u00fcr junge Menschen nutzbar ist. Ein wichtiges Anliegen der CDU sei das Thema Heimat- und Traditionspflege. Gelobt wurde deshalb die Instandsetzung des Kirch-G\u00f6nser Backhauses und die 875-Jahr-Feier. Die Anbringung von \u201ealten Hausnamen\u201c im Kirch-G\u00f6nser Ortskern wie in anderen D\u00f6rfern w\u00e4re eine sinnvolle Ma\u00dfnahme zur Verbesserung des Ortsbildes, hie\u00df es. Insgesamt kam die CDU-Delegation zum Schluss, dass in den zur\u00fcckliegenden Jahren wichtige Ma\u00dfnahmen wie der Bau des Feuerwehrhauses umgesetzt worden seien, dass die Infrastruktur trotzdem verbesserungsf\u00e4hig sei. Henkel sagte, es werde in den n\u00e4chsten Jahren entscheidend sein, f\u00fcr Jung und Alt die Lebensqualit\u00e4t des Stadtteils zu verbessern, damit das Dorf eine klare Zukunft hat. Insbesondere die Schlie\u00dfung der B\u00e4ckerei und der Metzgerei seien ein Einschnitt f\u00fcr das Kirch-G\u00f6nser Dorfleben gewesen. Gepr\u00fcft werden sollte neben der Nutzung von bereits bestehenden Baul\u00fccken zudem die M\u00f6glichkeit, ein Neubaugebiet zu schaffen, soweit dies sinnvoll sei.<\/p>\n\n\n\n<figure class=\"wp-block-image size-full\"><img loading=\"lazy\" decoding=\"async\" width=\"714\" height=\"388\" src=\"https:\/\/875jahrekirchgoens.de\/wp-content\/uploads\/2025\/11\/grafik-7.png\" alt=\"\" class=\"wp-image-16545\" srcset=\"http:\/\/875jahrekirchgoens.de\/wp-content\/uploads\/2025\/11\/grafik-7.png 714w, http:\/\/875jahrekirchgoens.de\/wp-content\/uploads\/2025\/11\/grafik-7-300x163.png 300w\" sizes=\"auto, (max-width: 714px) 100vw, 714px\" \/><\/figure>\n\n\n\n<p>J\u00fcngst hat eine Ortsbegehung der CDU Butzbach in Kirch-G\u00f6ns stattgefunden, um sich \u00fcber aktuelle Themen zu informieren.<\/p>\n\n\n\n<p>Quelle und Bild: Butzbacher Zeitung vom 21. Oktober 2025<\/p>\n","protected":false},"excerpt":{"rendered":"<p>Ortsbegehung der Butzbacher Union zur Sicherheit und Infrastruktur J\u00fcngst hat eine Delegation der CDU Butzbach im Rahmen ihrer Ortsbegehungen Kirch-G\u00f6ns besucht und sich ein Bild von der dortigen Infrastruktur gemacht. Das berichtet die CDU. Die Kirch-G\u00f6ns und Vorsitzender der jungen Union Butzbach, Nils Henkel, und Ortsvorsteher Stefan Euler haben die Veranstaltung moderiert. Beide sich auch &#8230; <a title=\"CDU l\u00e4dt Pawlik nach Kirch-G\u00f6ns ein\" class=\"read-more\" href=\"http:\/\/875jahrekirchgoens.de\/?p=16544\" aria-label=\"Mehr Informationen \u00fcber CDU l\u00e4dt Pawlik nach Kirch-G\u00f6ns ein\">Weiterlesen<\/a><\/p>\n","protected":false},"author":1,"featured_media":0,"comment_status":"closed","ping_status":"open","sticky":false,"template":"","format":"standard","meta":{"footnotes":""},"categories":[1],"tags":[],"class_list":["post-16544","post","type-post","status-publish","format-standard","hentry","category-infos"],"_links":{"self":[{"href":"http:\/\/875jahrekirchgoens.de\/index.php?rest_route=\/wp\/v2\/posts\/16544","targetHints":{"allow":["GET"]}}],"collection":[{"href":"http:\/\/875jahrekirchgoens.de\/index.php?rest_route=\/wp\/v2\/posts"}],"about":[{"href":"http:\/\/875jahrekirchgoens.de\/index.php?rest_route=\/wp\/v2\/types\/post"}],"author":[{"embeddable":true,"href":"http:\/\/875jahrekirchgoens.de\/index.php?rest_route=\/wp\/v2\/users\/1"}],"replies":[{"embeddable":true,"href":"http:\/\/875jahrekirchgoens.de\/index.php?rest_route=%2Fwp%2Fv2%2Fcomments&post=16544"}],"version-history":[{"count":1,"href":"http:\/\/875jahrekirchgoens.de\/index.php?rest_route=\/wp\/v2\/posts\/16544\/revisions"}],"predecessor-version":[{"id":16546,"href":"http:\/\/875jahrekirchgoens.de\/index.php?rest_route=\/wp\/v2\/posts\/16544\/revisions\/16546"}],"wp:attachment":[{"href":"http:\/\/875jahrekirchgoens.de\/index.php?rest_route=%2Fwp%2Fv2%2Fmedia&parent=16544"}],"wp:term":[{"taxonomy":"category","embeddable":true,"href":"http:\/\/875jahrekirchgoens.de\/index.php?rest_route=%2Fwp%2Fv2%2Fcategories&post=16544"},{"taxonomy":"post_tag","embeddable":true,"href":"http:\/\/875jahrekirchgoens.de\/index.php?rest_route=%2Fwp%2Fv2%2Ftags&post=16544"}],"curies":[{"name":"wp","href":"https:\/\/api.w.org\/{rel}","templated":true}]}}