{"id":16554,"date":"2025-10-20T11:32:00","date_gmt":"2025-10-20T11:32:00","guid":{"rendered":"https:\/\/875jahrekirchgoens.de\/?p=16554"},"modified":"2025-11-07T11:35:04","modified_gmt":"2025-11-07T11:35:04","slug":"mit-heimatverein-in-die-lochmuehle","status":"publish","type":"post","link":"http:\/\/875jahrekirchgoens.de\/?p=16554","title":{"rendered":"Mit Heimatverein in die Lochm\u00fchle"},"content":{"rendered":"\n<p>Vor den Herbstferien hatte der Bund kultureller Jugend, Bezirk West zur Teilnahme am Kidstag in den Freizeitpark Lochm\u00fchle eingeladen. Daran nahmen neben der Kindergruppe des Heimat- und Backhausverein Kirch-G\u00f6ns auch die befreundeten Gruppen aus Annerod und Salzb\u00f6den teil, wie der Kirch-G\u00f6nser Verein berichtete. Mit einem gro\u00dfen Doppeldeckerbus starteten die Teilnehmer an der Bushaltestelle in Kirch-G\u00f6ns in Richtung Wehrheim. F\u00fcr die drei Gruppen war ein Grillplatz reserviert, der den ganzen Tag \u00fcber als Anlaufstelle f\u00fcr die Kinder und Betreuer diente. Dort haben sich alle mittags an gegrillten W\u00fcrstchen, Salaten und allerlei Leckereien gest\u00e4rkt. Die Kinder konnten in Kleingruppen die vielen Attraktionen des Parkes ausreichend genie\u00dfen, bevor die Teilnehmer am Nachmittag wieder die Heimfahrt angetreten haben. Im Bus kam bereits die Frage der Kinder auf, wohin sie wohl gemeinsam im Jahr 2026 fahren. Die Kindergruppe trifft sich mittwochs von 17.30 bis 18.15 Uhr im B\u00fcrgerhaus in Kirch-G\u00f6ns. Weitere Kinder ab f\u00fcnf Jahren sind laut Verein jederzeit herzlich willkommen.<\/p>\n\n\n\n<figure class=\"wp-block-image size-full\"><img loading=\"lazy\" decoding=\"async\" width=\"364\" height=\"324\" src=\"https:\/\/875jahrekirchgoens.de\/wp-content\/uploads\/2025\/11\/grafik-8.png\" alt=\"\" class=\"wp-image-16555\" srcset=\"http:\/\/875jahrekirchgoens.de\/wp-content\/uploads\/2025\/11\/grafik-8.png 364w, http:\/\/875jahrekirchgoens.de\/wp-content\/uploads\/2025\/11\/grafik-8-300x267.png 300w\" sizes=\"auto, (max-width: 364px) 100vw, 364px\" \/><\/figure>\n\n\n\n<p>Die Kirch-G\u00f6nser haben Spa\u00df auf dem Freizeitgel\u00e4nde.<\/p>\n\n\n\n<p>Quelle und Bild: Butzbacher Zeitung vom 20. Oktober 2025<\/p>\n","protected":false},"excerpt":{"rendered":"<p>Vor den Herbstferien hatte der Bund kultureller Jugend, Bezirk West zur Teilnahme am Kidstag in den Freizeitpark Lochm\u00fchle eingeladen. Daran nahmen neben der Kindergruppe des Heimat- und Backhausverein Kirch-G\u00f6ns auch die befreundeten Gruppen aus Annerod und Salzb\u00f6den teil, wie der Kirch-G\u00f6nser Verein berichtete. Mit einem gro\u00dfen Doppeldeckerbus starteten die Teilnehmer an der Bushaltestelle in Kirch-G\u00f6ns &#8230; <a title=\"Mit Heimatverein in die Lochm\u00fchle\" class=\"read-more\" href=\"http:\/\/875jahrekirchgoens.de\/?p=16554\" aria-label=\"Mehr Informationen \u00fcber Mit Heimatverein in die Lochm\u00fchle\">Weiterlesen<\/a><\/p>\n","protected":false},"author":1,"featured_media":0,"comment_status":"closed","ping_status":"open","sticky":false,"template":"","format":"standard","meta":{"footnotes":""},"categories":[1],"tags":[],"class_list":["post-16554","post","type-post","status-publish","format-standard","hentry","category-infos"],"_links":{"self":[{"href":"http:\/\/875jahrekirchgoens.de\/index.php?rest_route=\/wp\/v2\/posts\/16554","targetHints":{"allow":["GET"]}}],"collection":[{"href":"http:\/\/875jahrekirchgoens.de\/index.php?rest_route=\/wp\/v2\/posts"}],"about":[{"href":"http:\/\/875jahrekirchgoens.de\/index.php?rest_route=\/wp\/v2\/types\/post"}],"author":[{"embeddable":true,"href":"http:\/\/875jahrekirchgoens.de\/index.php?rest_route=\/wp\/v2\/users\/1"}],"replies":[{"embeddable":true,"href":"http:\/\/875jahrekirchgoens.de\/index.php?rest_route=%2Fwp%2Fv2%2Fcomments&post=16554"}],"version-history":[{"count":1,"href":"http:\/\/875jahrekirchgoens.de\/index.php?rest_route=\/wp\/v2\/posts\/16554\/revisions"}],"predecessor-version":[{"id":16556,"href":"http:\/\/875jahrekirchgoens.de\/index.php?rest_route=\/wp\/v2\/posts\/16554\/revisions\/16556"}],"wp:attachment":[{"href":"http:\/\/875jahrekirchgoens.de\/index.php?rest_route=%2Fwp%2Fv2%2Fmedia&parent=16554"}],"wp:term":[{"taxonomy":"category","embeddable":true,"href":"http:\/\/875jahrekirchgoens.de\/index.php?rest_route=%2Fwp%2Fv2%2Fcategories&post=16554"},{"taxonomy":"post_tag","embeddable":true,"href":"http:\/\/875jahrekirchgoens.de\/index.php?rest_route=%2Fwp%2Fv2%2Ftags&post=16554"}],"curies":[{"name":"wp","href":"https:\/\/api.w.org\/{rel}","templated":true}]}}