{"id":16560,"date":"2025-10-18T11:39:00","date_gmt":"2025-10-18T11:39:00","guid":{"rendered":"https:\/\/875jahrekirchgoens.de\/?p=16560"},"modified":"2025-11-07T12:20:47","modified_gmt":"2025-11-07T12:20:47","slug":"auffahrunfall-auf-b3-vier-verletzte","status":"publish","type":"post","link":"http:\/\/875jahrekirchgoens.de\/?p=16560","title":{"rendered":"Auffahrunfall auf B3 \u2013 vier Verletzte"},"content":{"rendered":"\n<p>Vier Menschen sind gestern gegen 13.30 Uhr auf der B3 bei einem Auffahrunfall an einer Baustellenampel bei Kirch-G\u00f6ns verletzt worden. Eine A-Klasse prallte laut Polizei in das Heck eines dort wartendenden Transporters und fing Feuer. Der 60-j\u00e4hrige Fahrer habe offenbar den vor ihm wartenden VW Transporter \u00fcbersehen. Der Fahrer und sein 17-j\u00e4hriger Beifahrer \u2013 beide aus Butzbach \u2013 trugen leichte Verletzungen davon. Rettungswagen waren im Einsatz. Die Feuerwehr l\u00f6schte das brennende Auto. A-Klasse und Transporter sind nicht mehr fahrbereit und mussten von der Unfallstelle abgeschleppt werden. Die Feuerwehr reinigte die Fahrbahnen. W\u00e4hrend der L\u00f6sch-, Rettungs- und Reinigungsarbeiten war die B3 voll gesperrt. Angaben zur H\u00f6he der Blechsch\u00e4den konnte die Polizei gestern Nachmittag nicht machen.<\/p>\n\n\n\n<p>Quelle: Butzbacher Zeitung vom 18. Oktober 2025<\/p>\n","protected":false},"excerpt":{"rendered":"<p>Vier Menschen sind gestern gegen 13.30 Uhr auf der B3 bei einem Auffahrunfall an einer Baustellenampel bei Kirch-G\u00f6ns verletzt worden. Eine A-Klasse prallte laut Polizei in das Heck eines dort wartendenden Transporters und fing Feuer. Der 60-j\u00e4hrige Fahrer habe offenbar den vor ihm wartenden VW Transporter \u00fcbersehen. Der Fahrer und sein 17-j\u00e4hriger Beifahrer \u2013 beide &#8230; <a title=\"Auffahrunfall auf B3 \u2013 vier Verletzte\" class=\"read-more\" href=\"http:\/\/875jahrekirchgoens.de\/?p=16560\" aria-label=\"Mehr Informationen \u00fcber Auffahrunfall auf B3 \u2013 vier Verletzte\">Weiterlesen<\/a><\/p>\n","protected":false},"author":1,"featured_media":0,"comment_status":"closed","ping_status":"open","sticky":false,"template":"","format":"standard","meta":{"footnotes":""},"categories":[1],"tags":[],"class_list":["post-16560","post","type-post","status-publish","format-standard","hentry","category-infos"],"_links":{"self":[{"href":"http:\/\/875jahrekirchgoens.de\/index.php?rest_route=\/wp\/v2\/posts\/16560","targetHints":{"allow":["GET"]}}],"collection":[{"href":"http:\/\/875jahrekirchgoens.de\/index.php?rest_route=\/wp\/v2\/posts"}],"about":[{"href":"http:\/\/875jahrekirchgoens.de\/index.php?rest_route=\/wp\/v2\/types\/post"}],"author":[{"embeddable":true,"href":"http:\/\/875jahrekirchgoens.de\/index.php?rest_route=\/wp\/v2\/users\/1"}],"replies":[{"embeddable":true,"href":"http:\/\/875jahrekirchgoens.de\/index.php?rest_route=%2Fwp%2Fv2%2Fcomments&post=16560"}],"version-history":[{"count":1,"href":"http:\/\/875jahrekirchgoens.de\/index.php?rest_route=\/wp\/v2\/posts\/16560\/revisions"}],"predecessor-version":[{"id":16561,"href":"http:\/\/875jahrekirchgoens.de\/index.php?rest_route=\/wp\/v2\/posts\/16560\/revisions\/16561"}],"wp:attachment":[{"href":"http:\/\/875jahrekirchgoens.de\/index.php?rest_route=%2Fwp%2Fv2%2Fmedia&parent=16560"}],"wp:term":[{"taxonomy":"category","embeddable":true,"href":"http:\/\/875jahrekirchgoens.de\/index.php?rest_route=%2Fwp%2Fv2%2Fcategories&post=16560"},{"taxonomy":"post_tag","embeddable":true,"href":"http:\/\/875jahrekirchgoens.de\/index.php?rest_route=%2Fwp%2Fv2%2Ftags&post=16560"}],"curies":[{"name":"wp","href":"https:\/\/api.w.org\/{rel}","templated":true}]}}