{"id":16568,"date":"2025-09-30T11:48:00","date_gmt":"2025-09-30T11:48:00","guid":{"rendered":"https:\/\/875jahrekirchgoens.de\/?p=16568"},"modified":"2025-11-07T11:50:57","modified_gmt":"2025-11-07T11:50:57","slug":"mittagstisch-am-8-oktober","status":"publish","type":"post","link":"http:\/\/875jahrekirchgoens.de\/?p=16568","title":{"rendered":"Mittagstisch am 8. Oktober"},"content":{"rendered":"\n<p>Anmeldung zum n\u00e4chsten Miteinander-Mittagstisch (MiMit) am Mittwoch, 8. Oktober, im B\u00fcrgertreff Pohl-G\u00f6ns, sind noch bis Donnerstag, 2. Oktober \u00fcber das Gemeindeb\u00fcro m\u00f6glich, unter 06033-60941 und E-Mail gemeindebuero@evkpg.de. Die Veranstalter bitten, au\u00dferhalb der B\u00fcrozeiten auf den Anrufbeantworter zu sprechen, Namen und Anzahl der Essenbestellungen zu nennen. Es gibt Schweinekrustenbraten vom Bauch mit Sp\u00e4tzle, So\u00dfe und Gem\u00fcse sowie ein Dessert und anschlie\u00dfend Kaffee. Ab 11.30 Uhr ist der B\u00fcrgertreff f\u00fcr die G\u00e4ste ge\u00f6ffnet. Der Butzbacher B\u00fcrger-Bus steht als unentgeltlicher Hol- und Bringservice zur Verf\u00fcgung. Wer ihn nutzen m\u00f6chte und zum \u201eMiMit\u201c und wieder nach Hause gebracht werden m\u00f6chte, gibt dies bei der Essensbestellung an. Die Abholung erfolgt ab 11.15 Uhr in Kirch-G\u00f6ns und ab 11.30 Uhr in Pohl-G\u00f6ns.<\/p>\n\n\n\n<p>Quelle: Butzbacher Zeitung vom 30. September 2025<\/p>\n","protected":false},"excerpt":{"rendered":"<p>Anmeldung zum n\u00e4chsten Miteinander-Mittagstisch (MiMit) am Mittwoch, 8. Oktober, im B\u00fcrgertreff Pohl-G\u00f6ns, sind noch bis Donnerstag, 2. Oktober \u00fcber das Gemeindeb\u00fcro m\u00f6glich, unter 06033-60941 und E-Mail gemeindebuero@evkpg.de. Die Veranstalter bitten, au\u00dferhalb der B\u00fcrozeiten auf den Anrufbeantworter zu sprechen, Namen und Anzahl der Essenbestellungen zu nennen. Es gibt Schweinekrustenbraten vom Bauch mit Sp\u00e4tzle, So\u00dfe und Gem\u00fcse &#8230; <a title=\"Mittagstisch am 8. Oktober\" class=\"read-more\" href=\"http:\/\/875jahrekirchgoens.de\/?p=16568\" aria-label=\"Mehr Informationen \u00fcber Mittagstisch am 8. Oktober\">Weiterlesen<\/a><\/p>\n","protected":false},"author":1,"featured_media":0,"comment_status":"closed","ping_status":"open","sticky":false,"template":"","format":"standard","meta":{"footnotes":""},"categories":[1],"tags":[],"class_list":["post-16568","post","type-post","status-publish","format-standard","hentry","category-infos"],"_links":{"self":[{"href":"http:\/\/875jahrekirchgoens.de\/index.php?rest_route=\/wp\/v2\/posts\/16568","targetHints":{"allow":["GET"]}}],"collection":[{"href":"http:\/\/875jahrekirchgoens.de\/index.php?rest_route=\/wp\/v2\/posts"}],"about":[{"href":"http:\/\/875jahrekirchgoens.de\/index.php?rest_route=\/wp\/v2\/types\/post"}],"author":[{"embeddable":true,"href":"http:\/\/875jahrekirchgoens.de\/index.php?rest_route=\/wp\/v2\/users\/1"}],"replies":[{"embeddable":true,"href":"http:\/\/875jahrekirchgoens.de\/index.php?rest_route=%2Fwp%2Fv2%2Fcomments&post=16568"}],"version-history":[{"count":1,"href":"http:\/\/875jahrekirchgoens.de\/index.php?rest_route=\/wp\/v2\/posts\/16568\/revisions"}],"predecessor-version":[{"id":16569,"href":"http:\/\/875jahrekirchgoens.de\/index.php?rest_route=\/wp\/v2\/posts\/16568\/revisions\/16569"}],"wp:attachment":[{"href":"http:\/\/875jahrekirchgoens.de\/index.php?rest_route=%2Fwp%2Fv2%2Fmedia&parent=16568"}],"wp:term":[{"taxonomy":"category","embeddable":true,"href":"http:\/\/875jahrekirchgoens.de\/index.php?rest_route=%2Fwp%2Fv2%2Fcategories&post=16568"},{"taxonomy":"post_tag","embeddable":true,"href":"http:\/\/875jahrekirchgoens.de\/index.php?rest_route=%2Fwp%2Fv2%2Ftags&post=16568"}],"curies":[{"name":"wp","href":"https:\/\/api.w.org\/{rel}","templated":true}]}}