{"id":16571,"date":"2025-09-23T11:53:00","date_gmt":"2025-09-23T11:53:00","guid":{"rendered":"https:\/\/875jahrekirchgoens.de\/?p=16571"},"modified":"2025-11-07T11:55:29","modified_gmt":"2025-11-07T11:55:29","slug":"tatkraeftige-gemeinschaft","status":"publish","type":"post","link":"http:\/\/875jahrekirchgoens.de\/?p=16571","title":{"rendered":"Tatkr\u00e4ftige Gemeinschaft"},"content":{"rendered":"\n<p><em>Zehn Jahre G\u00f6nser-Grund-Schule und sieben Jahre Kinderrechteschule<\/em><\/p>\n\n\n\n<p>Am Samstag, passend zum Kinderrechtetag, hat die G\u00f6nser-Grund-Schule bedeutende Anl\u00e4sse gefeiert: zehn Jahre Grundschule und sieben Jahre Kinderrechteschule. Dazu versammelten sich zahlreiche G\u00e4ste, darunter Sch\u00fcler, Vorschulkinder, Lehrer, Mitarbeiter des ABC-Clubs, Hausmeister Echzeller sowie Eltern, Gro\u00dfeltern, Elternbeir\u00e4te und Mitglieder des F\u00f6rdervereins. Auch B\u00fcrgermeister Sascha Huber und Ehrenb\u00fcrgermeister Michael Merle waren anwesend, um gemeinsam die Schulgemeinschaft zu feiern. Die Veranstaltung wurde von \u201eMakista\u201c und \u201eStay Wild\u201c bereichert und unterst\u00fctzt, wie die Schule mitteilt. Schulleiterin Anette Schliebener er\u00f6ffnete die Feier nach dem Kinderrechtelied der Sch\u00fclergemeinschaft mit einem herzlichen Dank an alle Beteiligten. Sie hob hervor, wie wichtig die Zusammenarbeit von Eltern und F\u00f6rderverein bei der Gestaltung der Schule gewesen sei. Projekte wie die Bepflanzung der Beete, der Klettergarten, die Reckstangen, die Rutsche, die Tischtennisplatte und die entstehende Schaukel seien nur einige Beispiele, die die Schulgemeinschaft gemeinsam verwirklicht hat. Besonders erw\u00e4hnte sie die Mitwirkung der Sch\u00fclervertretung (SV), deren W\u00fcnsche und Ideen in vielen Bereichen Geh\u00f6r fanden uns umgesetzt wurden. Ein weiteres Dankesch\u00f6n galt dem F\u00f6rderverein, insbesondere Stephan Steiner, der jedoch verhindert war. Schliebener w\u00fcrdigte auch Kirsten Grebe f\u00fcr die kreative Gestaltung des neuen Schullogos mit Schwan, Pfahl und Kirche. Es wurde entwickelt, nachdem die Sch\u00fcler den neuen Namen erfunden und beschlossen hatten. Dieses Logo sei ein zentrales Element in der Identit\u00e4tsfindung der G\u00f6nser-Grund-Schule und symbolisierte die drei Butzbacher Stadtteile Kirch- und Pohl-G\u00f6ns und Ebersg\u00f6ns, aus denen die Sch\u00fcler haupts\u00e4chlich stammen. In diesem Jahr wurde ein weiterer Schritt zur Verankerung von Kinderrechten im Schultag vorangebracht. Ein Kinderrecht des Jahres wurde von den Sch\u00fclern gew\u00e4hlt. Im Rahmen eines Malwettbewerbs hatten die Sch\u00fcler die M\u00f6glichkeit, ein Bild zu diesem Kinderrecht zu gestalten. Das Ergebnis, ein Bild von der Sch\u00fclerin Mila, ziert nun einen Bereich des Schulhofes und stellt eine Verbindung zwischen Kunst und den wichtigen Themen der Kinderrechte her. Die Feier bot den Besuchern vielf\u00e4ltige Mitmachangebote, die mit gro\u00dfem Eifer genutzt wurden. An St\u00e4nden konnten die G\u00e4ste ihre F\u00e4higkeiten im Schnitzen ausprobieren, Buttons gestalten oder ihre sportlichen Talente testen. Ein Gl\u00fccksrad sorgte f\u00fcr zus\u00e4tzliche Unterhaltung und Spannung. F\u00fcr das leibliche Wohl war der Elternbeirat verantwortlich und bot eine Auswahl an K\u00f6stlichkeiten wie Kaffee, Kuchen, Waffeln, W\u00fcrstchen und eine Vielzahl von Getr\u00e4nken an. Zwischendurch begeisterten die Sch\u00fclerinnen und die Puzzle Kids aus Kirch-G\u00f6ns mit verschiedenen Vorf\u00fchrungen, die das Publikum in ihren Bann zogen. \u201eDie Veranstaltung war ein voller Erfolg und spiegelte die lebendige Gemeinschaft und das Engagement aller Beteiligten wider\u201c, bilanzierte die Schule. Das Jubil\u00e4um der G\u00f6nser-Grund-Schule und der Kinderrechteschule stellte nicht nur einen R\u00fcckblick auf die vergangenen Jahre dar, sondern auch einen Ausblick auf die vielen Projekte und Ideen, die in Zukunft umgesetzt werden sollen. Die Schulgemeinschaft blickt optimistisch in die Zukunft und freut sich auf viele weitere Jahre des gemeinsamen Lernens und Wachsens. Nach der Abwicklung der Sekundarstufe I am Standort war die Mittelpunktschule Oberer H\u00fcttenberg zur reinen Grundschule geworden. Unter anderem wurden umfangreiche Umbauarbeiten notwendig.<\/p>\n\n\n\n<figure class=\"wp-block-image size-full\"><img loading=\"lazy\" decoding=\"async\" width=\"945\" height=\"725\" src=\"https:\/\/875jahrekirchgoens.de\/wp-content\/uploads\/2025\/11\/grafik-10.png\" alt=\"\" class=\"wp-image-16572\" srcset=\"http:\/\/875jahrekirchgoens.de\/wp-content\/uploads\/2025\/11\/grafik-10.png 945w, http:\/\/875jahrekirchgoens.de\/wp-content\/uploads\/2025\/11\/grafik-10-300x230.png 300w, http:\/\/875jahrekirchgoens.de\/wp-content\/uploads\/2025\/11\/grafik-10-768x589.png 768w\" sizes=\"auto, (max-width: 945px) 100vw, 945px\" \/><\/figure>\n\n\n\n<p>Schulleiterin Anette Schliebener hat die Feier zum zehnten Geburtstag der G\u00f6nser-Grund-Schule er\u00f6ffnet (oben). Auf dem Programm standen W\u00fcrdigungen und Sch\u00fclerbeitr\u00e4ge.<\/p>\n\n\n\n<p>Quelle und Bild: Butzbacher Zeitung vom 23. September 2025<\/p>\n","protected":false},"excerpt":{"rendered":"<p>Zehn Jahre G\u00f6nser-Grund-Schule und sieben Jahre Kinderrechteschule Am Samstag, passend zum Kinderrechtetag, hat die G\u00f6nser-Grund-Schule bedeutende Anl\u00e4sse gefeiert: zehn Jahre Grundschule und sieben Jahre Kinderrechteschule. Dazu versammelten sich zahlreiche G\u00e4ste, darunter Sch\u00fcler, Vorschulkinder, Lehrer, Mitarbeiter des ABC-Clubs, Hausmeister Echzeller sowie Eltern, Gro\u00dfeltern, Elternbeir\u00e4te und Mitglieder des F\u00f6rdervereins. Auch B\u00fcrgermeister Sascha Huber und Ehrenb\u00fcrgermeister Michael Merle &#8230; <a title=\"Tatkr\u00e4ftige Gemeinschaft\" class=\"read-more\" href=\"http:\/\/875jahrekirchgoens.de\/?p=16571\" aria-label=\"Mehr Informationen \u00fcber Tatkr\u00e4ftige Gemeinschaft\">Weiterlesen<\/a><\/p>\n","protected":false},"author":1,"featured_media":0,"comment_status":"closed","ping_status":"open","sticky":false,"template":"","format":"standard","meta":{"footnotes":""},"categories":[1],"tags":[],"class_list":["post-16571","post","type-post","status-publish","format-standard","hentry","category-infos"],"_links":{"self":[{"href":"http:\/\/875jahrekirchgoens.de\/index.php?rest_route=\/wp\/v2\/posts\/16571","targetHints":{"allow":["GET"]}}],"collection":[{"href":"http:\/\/875jahrekirchgoens.de\/index.php?rest_route=\/wp\/v2\/posts"}],"about":[{"href":"http:\/\/875jahrekirchgoens.de\/index.php?rest_route=\/wp\/v2\/types\/post"}],"author":[{"embeddable":true,"href":"http:\/\/875jahrekirchgoens.de\/index.php?rest_route=\/wp\/v2\/users\/1"}],"replies":[{"embeddable":true,"href":"http:\/\/875jahrekirchgoens.de\/index.php?rest_route=%2Fwp%2Fv2%2Fcomments&post=16571"}],"version-history":[{"count":1,"href":"http:\/\/875jahrekirchgoens.de\/index.php?rest_route=\/wp\/v2\/posts\/16571\/revisions"}],"predecessor-version":[{"id":16573,"href":"http:\/\/875jahrekirchgoens.de\/index.php?rest_route=\/wp\/v2\/posts\/16571\/revisions\/16573"}],"wp:attachment":[{"href":"http:\/\/875jahrekirchgoens.de\/index.php?rest_route=%2Fwp%2Fv2%2Fmedia&parent=16571"}],"wp:term":[{"taxonomy":"category","embeddable":true,"href":"http:\/\/875jahrekirchgoens.de\/index.php?rest_route=%2Fwp%2Fv2%2Fcategories&post=16571"},{"taxonomy":"post_tag","embeddable":true,"href":"http:\/\/875jahrekirchgoens.de\/index.php?rest_route=%2Fwp%2Fv2%2Ftags&post=16571"}],"curies":[{"name":"wp","href":"https:\/\/api.w.org\/{rel}","templated":true}]}}