{"id":16594,"date":"2025-08-29T12:12:00","date_gmt":"2025-08-29T12:12:00","guid":{"rendered":"https:\/\/875jahrekirchgoens.de\/?p=16594"},"modified":"2025-11-07T12:13:23","modified_gmt":"2025-11-07T12:13:23","slug":"moderne-ausstattung-fuer-mehr-sicherheit","status":"publish","type":"post","link":"http:\/\/875jahrekirchgoens.de\/?p=16594","title":{"rendered":"Moderne Ausstattung f\u00fcr mehr Sicherheit"},"content":{"rendered":"\n<p>K\u00fcrzlich hat eine Delegation des Feuerwehrstandortes Kirch-G\u00f6ns das neue Einsatzfahrzeug \u201eStlF 20-V\u201c bei der Firma Ziegler in Giengen an der Brenz offiziell in Empfang genommen. Das berichtet die Feuerwehr Butzbach. Das moderne L\u00f6schfahrzeug ersetzt das bisherige Fahrzeug der Kirch-G\u00f6nser Wehr, Baujahr 1996, und stellt eine bedeutende Erweiterung der technischen Ausstattung dar. Bereits am Tag zuvor erfolgte die fachgerechte Abnahme durch den stellvertretenden Stadtbrandinspektor, Andreas Litwin, Ger\u00e4tewart Sascha Eiteneurer sowie die Wehrf\u00fchrung des Standortes Kirch-G\u00f6ns in Zusammenarbeit mit der projektbezogenen Firma KommunalUp. Im Rahmen der \u00dcbergabe fand eine ausf\u00fchrliche Einweisung in die Fahrzeugtechnik und Beladung statt. Die Einsatzkr\u00e4fte erhielten detaillierte Informationen zu den neuen Komponenten und Funktionen. Um eine sichere und effiziente Nutzung im Einsatz zu gew\u00e4hrleisten, w\u00fcrden in den kommenden Wochen zus\u00e4tzliche \u00dcbungseinheiten veranstaltet. Ziel sei es, alle Feuerwehrangeh\u00f6rigen mit dem Fahrzeug vertraut zu machen und f\u00fcr den Ernstfall optimal vorzubereiten.<\/p>\n\n\n\n<figure class=\"wp-block-image size-full\"><img loading=\"lazy\" decoding=\"async\" width=\"945\" height=\"491\" src=\"https:\/\/875jahrekirchgoens.de\/wp-content\/uploads\/2025\/11\/grafik-14.png\" alt=\"\" class=\"wp-image-16595\" srcset=\"http:\/\/875jahrekirchgoens.de\/wp-content\/uploads\/2025\/11\/grafik-14.png 945w, http:\/\/875jahrekirchgoens.de\/wp-content\/uploads\/2025\/11\/grafik-14-300x156.png 300w, http:\/\/875jahrekirchgoens.de\/wp-content\/uploads\/2025\/11\/grafik-14-768x399.png 768w\" sizes=\"auto, (max-width: 945px) 100vw, 945px\" \/><\/figure>\n\n\n\n<p>Das neue Staffell\u00f6schfahrzeug f\u00fcr die Feuerwehr Kirch-G\u00f6ns steht bereit.<\/p>\n\n\n\n<p>Quelle und Bild: Butzbacher Zeitung vom &nbsp;29. August 2025<\/p>\n","protected":false},"excerpt":{"rendered":"<p>K\u00fcrzlich hat eine Delegation des Feuerwehrstandortes Kirch-G\u00f6ns das neue Einsatzfahrzeug \u201eStlF 20-V\u201c bei der Firma Ziegler in Giengen an der Brenz offiziell in Empfang genommen. Das berichtet die Feuerwehr Butzbach. Das moderne L\u00f6schfahrzeug ersetzt das bisherige Fahrzeug der Kirch-G\u00f6nser Wehr, Baujahr 1996, und stellt eine bedeutende Erweiterung der technischen Ausstattung dar. Bereits am Tag zuvor &#8230; <a title=\"Moderne Ausstattung f\u00fcr mehr Sicherheit\" class=\"read-more\" href=\"http:\/\/875jahrekirchgoens.de\/?p=16594\" aria-label=\"Mehr Informationen \u00fcber Moderne Ausstattung f\u00fcr mehr Sicherheit\">Weiterlesen<\/a><\/p>\n","protected":false},"author":1,"featured_media":0,"comment_status":"closed","ping_status":"open","sticky":false,"template":"","format":"standard","meta":{"footnotes":""},"categories":[1],"tags":[],"class_list":["post-16594","post","type-post","status-publish","format-standard","hentry","category-infos"],"_links":{"self":[{"href":"http:\/\/875jahrekirchgoens.de\/index.php?rest_route=\/wp\/v2\/posts\/16594","targetHints":{"allow":["GET"]}}],"collection":[{"href":"http:\/\/875jahrekirchgoens.de\/index.php?rest_route=\/wp\/v2\/posts"}],"about":[{"href":"http:\/\/875jahrekirchgoens.de\/index.php?rest_route=\/wp\/v2\/types\/post"}],"author":[{"embeddable":true,"href":"http:\/\/875jahrekirchgoens.de\/index.php?rest_route=\/wp\/v2\/users\/1"}],"replies":[{"embeddable":true,"href":"http:\/\/875jahrekirchgoens.de\/index.php?rest_route=%2Fwp%2Fv2%2Fcomments&post=16594"}],"version-history":[{"count":1,"href":"http:\/\/875jahrekirchgoens.de\/index.php?rest_route=\/wp\/v2\/posts\/16594\/revisions"}],"predecessor-version":[{"id":16596,"href":"http:\/\/875jahrekirchgoens.de\/index.php?rest_route=\/wp\/v2\/posts\/16594\/revisions\/16596"}],"wp:attachment":[{"href":"http:\/\/875jahrekirchgoens.de\/index.php?rest_route=%2Fwp%2Fv2%2Fmedia&parent=16594"}],"wp:term":[{"taxonomy":"category","embeddable":true,"href":"http:\/\/875jahrekirchgoens.de\/index.php?rest_route=%2Fwp%2Fv2%2Fcategories&post=16594"},{"taxonomy":"post_tag","embeddable":true,"href":"http:\/\/875jahrekirchgoens.de\/index.php?rest_route=%2Fwp%2Fv2%2Ftags&post=16594"}],"curies":[{"name":"wp","href":"https:\/\/api.w.org\/{rel}","templated":true}]}}