{"id":16605,"date":"2025-08-22T12:28:00","date_gmt":"2025-08-22T12:28:00","guid":{"rendered":"https:\/\/875jahrekirchgoens.de\/?p=16605"},"modified":"2025-11-07T16:15:34","modified_gmt":"2025-11-07T16:15:34","slug":"gewinnerin-jubilaeumswochenende","status":"publish","type":"post","link":"http:\/\/875jahrekirchgoens.de\/?p=16605","title":{"rendered":"Gewinnerin Jubil\u00e4umswochenende"},"content":{"rendered":"\n<figure class=\"wp-block-image size-full\"><img loading=\"lazy\" decoding=\"async\" width=\"615\" height=\"820\" src=\"https:\/\/875jahrekirchgoens.de\/wp-content\/uploads\/2025\/11\/thumbnail.jpeg\" alt=\"\" class=\"wp-image-16606\" srcset=\"http:\/\/875jahrekirchgoens.de\/wp-content\/uploads\/2025\/11\/thumbnail.jpeg 615w, http:\/\/875jahrekirchgoens.de\/wp-content\/uploads\/2025\/11\/thumbnail-225x300.jpeg 225w\" sizes=\"auto, (max-width: 615px) 100vw, 615px\" \/><\/figure>\n\n\n\n<p>Die gl\u00fcckliche Gewinnerin unseres Instagram Gewinnspiels.  Stefan Tiedemann, Vorsitzender<br>der Interessengemeinschaft Kirch-G\u00f6nser Vereine und Gruppen, und Rolf Hillefeld,<br>der Sprecher des Werbeausschusses der 875-Jahr Feier, \u00fcbergeben den Gewinn:<br>zwei Eintrittskarten f\u00fcr das Konzert von ABA 99.<\/p>\n","protected":false},"excerpt":{"rendered":"<p>Die gl\u00fcckliche Gewinnerin unseres Instagram Gewinnspiels. Stefan Tiedemann, Vorsitzenderder Interessengemeinschaft Kirch-G\u00f6nser Vereine und Gruppen, und Rolf Hillefeld,der Sprecher des Werbeausschusses der 875-Jahr Feier, \u00fcbergeben den Gewinn:zwei Eintrittskarten f\u00fcr das Konzert von ABA 99.<\/p>\n","protected":false},"author":1,"featured_media":0,"comment_status":"closed","ping_status":"open","sticky":false,"template":"","format":"standard","meta":{"footnotes":""},"categories":[1],"tags":[],"class_list":["post-16605","post","type-post","status-publish","format-standard","hentry","category-infos"],"_links":{"self":[{"href":"http:\/\/875jahrekirchgoens.de\/index.php?rest_route=\/wp\/v2\/posts\/16605","targetHints":{"allow":["GET"]}}],"collection":[{"href":"http:\/\/875jahrekirchgoens.de\/index.php?rest_route=\/wp\/v2\/posts"}],"about":[{"href":"http:\/\/875jahrekirchgoens.de\/index.php?rest_route=\/wp\/v2\/types\/post"}],"author":[{"embeddable":true,"href":"http:\/\/875jahrekirchgoens.de\/index.php?rest_route=\/wp\/v2\/users\/1"}],"replies":[{"embeddable":true,"href":"http:\/\/875jahrekirchgoens.de\/index.php?rest_route=%2Fwp%2Fv2%2Fcomments&post=16605"}],"version-history":[{"count":1,"href":"http:\/\/875jahrekirchgoens.de\/index.php?rest_route=\/wp\/v2\/posts\/16605\/revisions"}],"predecessor-version":[{"id":16607,"href":"http:\/\/875jahrekirchgoens.de\/index.php?rest_route=\/wp\/v2\/posts\/16605\/revisions\/16607"}],"wp:attachment":[{"href":"http:\/\/875jahrekirchgoens.de\/index.php?rest_route=%2Fwp%2Fv2%2Fmedia&parent=16605"}],"wp:term":[{"taxonomy":"category","embeddable":true,"href":"http:\/\/875jahrekirchgoens.de\/index.php?rest_route=%2Fwp%2Fv2%2Fcategories&post=16605"},{"taxonomy":"post_tag","embeddable":true,"href":"http:\/\/875jahrekirchgoens.de\/index.php?rest_route=%2Fwp%2Fv2%2Ftags&post=16605"}],"curies":[{"name":"wp","href":"https:\/\/api.w.org\/{rel}","templated":true}]}}