{"id":16611,"date":"2025-10-25T12:36:00","date_gmt":"2025-10-25T12:36:00","guid":{"rendered":"https:\/\/875jahrekirchgoens.de\/?p=16611"},"modified":"2025-11-07T12:37:45","modified_gmt":"2025-11-07T12:37:45","slug":"ortsbeirat-tagt-zu-sicherheit-2","status":"publish","type":"post","link":"http:\/\/875jahrekirchgoens.de\/?p=16611","title":{"rendered":"Ortsbeirat tagt zu Sicherheit"},"content":{"rendered":"\n<p>Der Ortsbeirat Kirch-G\u00f6ns l\u00e4dt f\u00fcr Montag, 27. Oktober, 19.30 Uhr zu seiner n\u00e4chsten Sitzung ein. Auf der Tagesordnung stehen unter anderem ein R\u00fcckblick auf das Jubil\u00e4umsjahr 2025, Vorschlag zur Wahl des Ortsgerichtsvorsteher\/Vorsteherin, die aktuelle Sicherheitssituation in Kirch-G\u00f6ns und die Vorbereitung von Volkstrauertag und Seniorenweihnachtsfeier. Alle Interessierten sind zur Sitzung eingeladen.<\/p>\n\n\n\n<p>Quelle: Butzbacher Zeitung vom 25. Oktober 2025<\/p>\n","protected":false},"excerpt":{"rendered":"<p>Der Ortsbeirat Kirch-G\u00f6ns l\u00e4dt f\u00fcr Montag, 27. Oktober, 19.30 Uhr zu seiner n\u00e4chsten Sitzung ein. Auf der Tagesordnung stehen unter anderem ein R\u00fcckblick auf das Jubil\u00e4umsjahr 2025, Vorschlag zur Wahl des Ortsgerichtsvorsteher\/Vorsteherin, die aktuelle Sicherheitssituation in Kirch-G\u00f6ns und die Vorbereitung von Volkstrauertag und Seniorenweihnachtsfeier. Alle Interessierten sind zur Sitzung eingeladen. Quelle: Butzbacher Zeitung vom 25. &#8230; <a title=\"Ortsbeirat tagt zu Sicherheit\" class=\"read-more\" href=\"http:\/\/875jahrekirchgoens.de\/?p=16611\" aria-label=\"Mehr Informationen \u00fcber Ortsbeirat tagt zu Sicherheit\">Weiterlesen<\/a><\/p>\n","protected":false},"author":1,"featured_media":0,"comment_status":"closed","ping_status":"open","sticky":false,"template":"","format":"standard","meta":{"footnotes":""},"categories":[1],"tags":[],"class_list":["post-16611","post","type-post","status-publish","format-standard","hentry","category-infos"],"_links":{"self":[{"href":"http:\/\/875jahrekirchgoens.de\/index.php?rest_route=\/wp\/v2\/posts\/16611","targetHints":{"allow":["GET"]}}],"collection":[{"href":"http:\/\/875jahrekirchgoens.de\/index.php?rest_route=\/wp\/v2\/posts"}],"about":[{"href":"http:\/\/875jahrekirchgoens.de\/index.php?rest_route=\/wp\/v2\/types\/post"}],"author":[{"embeddable":true,"href":"http:\/\/875jahrekirchgoens.de\/index.php?rest_route=\/wp\/v2\/users\/1"}],"replies":[{"embeddable":true,"href":"http:\/\/875jahrekirchgoens.de\/index.php?rest_route=%2Fwp%2Fv2%2Fcomments&post=16611"}],"version-history":[{"count":1,"href":"http:\/\/875jahrekirchgoens.de\/index.php?rest_route=\/wp\/v2\/posts\/16611\/revisions"}],"predecessor-version":[{"id":16612,"href":"http:\/\/875jahrekirchgoens.de\/index.php?rest_route=\/wp\/v2\/posts\/16611\/revisions\/16612"}],"wp:attachment":[{"href":"http:\/\/875jahrekirchgoens.de\/index.php?rest_route=%2Fwp%2Fv2%2Fmedia&parent=16611"}],"wp:term":[{"taxonomy":"category","embeddable":true,"href":"http:\/\/875jahrekirchgoens.de\/index.php?rest_route=%2Fwp%2Fv2%2Fcategories&post=16611"},{"taxonomy":"post_tag","embeddable":true,"href":"http:\/\/875jahrekirchgoens.de\/index.php?rest_route=%2Fwp%2Fv2%2Ftags&post=16611"}],"curies":[{"name":"wp","href":"https:\/\/api.w.org\/{rel}","templated":true}]}}