{"id":16615,"date":"2025-07-30T14:15:00","date_gmt":"2025-07-30T14:15:00","guid":{"rendered":"https:\/\/875jahrekirchgoens.de\/?p=16615"},"modified":"2025-11-07T14:18:12","modified_gmt":"2025-11-07T14:18:12","slug":"start-der-sanierung","status":"publish","type":"post","link":"http:\/\/875jahrekirchgoens.de\/?p=16615","title":{"rendered":"Start der Sanierung"},"content":{"rendered":"\n<p>In Kirch-G\u00f6ns hat die Sanierung der Fassade am historischen Backhaus begonnen. Das berichtet die Stadt. Das Ger\u00fcst ist gestellt, erste Zimmermannsarbeiten erledigt. Nun folgen Verputz- und Malerarbeiten. Gefache\u201c, Fenster, T\u00fcren und Fachwerk werden \u00fcberarbeitet. Im Anschluss folgten Arbeiten am Dach, an der Dachw\u00e4sserung sowie am Kamin. Die Bauarbeiten sollen bis Mitte August andauern.<\/p>\n\n\n\n<figure class=\"wp-block-image size-full\"><img loading=\"lazy\" decoding=\"async\" width=\"945\" height=\"669\" src=\"https:\/\/875jahrekirchgoens.de\/wp-content\/uploads\/2025\/11\/grafik-19.png\" alt=\"\" class=\"wp-image-16616\" srcset=\"http:\/\/875jahrekirchgoens.de\/wp-content\/uploads\/2025\/11\/grafik-19.png 945w, http:\/\/875jahrekirchgoens.de\/wp-content\/uploads\/2025\/11\/grafik-19-300x212.png 300w, http:\/\/875jahrekirchgoens.de\/wp-content\/uploads\/2025\/11\/grafik-19-768x544.png 768w\" sizes=\"auto, (max-width: 945px) 100vw, 945px\" \/><\/figure>\n\n\n\n<p>Quelle und Bild: Butzbacher Zeitung vom 30. Juli 2025<\/p>\n","protected":false},"excerpt":{"rendered":"<p>In Kirch-G\u00f6ns hat die Sanierung der Fassade am historischen Backhaus begonnen. Das berichtet die Stadt. Das Ger\u00fcst ist gestellt, erste Zimmermannsarbeiten erledigt. Nun folgen Verputz- und Malerarbeiten. Gefache\u201c, Fenster, T\u00fcren und Fachwerk werden \u00fcberarbeitet. Im Anschluss folgten Arbeiten am Dach, an der Dachw\u00e4sserung sowie am Kamin. Die Bauarbeiten sollen bis Mitte August andauern. Quelle und &#8230; <a title=\"Start der Sanierung\" class=\"read-more\" href=\"http:\/\/875jahrekirchgoens.de\/?p=16615\" aria-label=\"Mehr Informationen \u00fcber Start der Sanierung\">Weiterlesen<\/a><\/p>\n","protected":false},"author":1,"featured_media":0,"comment_status":"closed","ping_status":"open","sticky":false,"template":"","format":"standard","meta":{"footnotes":""},"categories":[1],"tags":[],"class_list":["post-16615","post","type-post","status-publish","format-standard","hentry","category-infos"],"_links":{"self":[{"href":"http:\/\/875jahrekirchgoens.de\/index.php?rest_route=\/wp\/v2\/posts\/16615","targetHints":{"allow":["GET"]}}],"collection":[{"href":"http:\/\/875jahrekirchgoens.de\/index.php?rest_route=\/wp\/v2\/posts"}],"about":[{"href":"http:\/\/875jahrekirchgoens.de\/index.php?rest_route=\/wp\/v2\/types\/post"}],"author":[{"embeddable":true,"href":"http:\/\/875jahrekirchgoens.de\/index.php?rest_route=\/wp\/v2\/users\/1"}],"replies":[{"embeddable":true,"href":"http:\/\/875jahrekirchgoens.de\/index.php?rest_route=%2Fwp%2Fv2%2Fcomments&post=16615"}],"version-history":[{"count":1,"href":"http:\/\/875jahrekirchgoens.de\/index.php?rest_route=\/wp\/v2\/posts\/16615\/revisions"}],"predecessor-version":[{"id":16617,"href":"http:\/\/875jahrekirchgoens.de\/index.php?rest_route=\/wp\/v2\/posts\/16615\/revisions\/16617"}],"wp:attachment":[{"href":"http:\/\/875jahrekirchgoens.de\/index.php?rest_route=%2Fwp%2Fv2%2Fmedia&parent=16615"}],"wp:term":[{"taxonomy":"category","embeddable":true,"href":"http:\/\/875jahrekirchgoens.de\/index.php?rest_route=%2Fwp%2Fv2%2Fcategories&post=16615"},{"taxonomy":"post_tag","embeddable":true,"href":"http:\/\/875jahrekirchgoens.de\/index.php?rest_route=%2Fwp%2Fv2%2Ftags&post=16615"}],"curies":[{"name":"wp","href":"https:\/\/api.w.org\/{rel}","templated":true}]}}