{"id":16619,"date":"2025-07-30T16:00:00","date_gmt":"2025-07-30T16:00:00","guid":{"rendered":"https:\/\/875jahrekirchgoens.de\/?p=16619"},"modified":"2025-11-07T16:02:16","modified_gmt":"2025-11-07T16:02:16","slug":"gottesdienst-zum-stoeffche","status":"publish","type":"post","link":"http:\/\/875jahrekirchgoens.de\/?p=16619","title":{"rendered":"Gottesdienst zum St\u00f6ffche"},"content":{"rendered":"\n<p>Einen besonderen Gottesdienst hatten j\u00fcngst die Besucher in der Strau\u00dfwirtschaft \u201eZum G\u00f6nser St\u00f6ffche\u201c in Kirch-G\u00f6ns erlebt. Im Rahmen der \u201eKirche um Gottesdienste\u201c, die losgel\u00f6st vom vertrauten Gottesdienstgeschehen am Sonntagmorgen an einem besonderen Ort oder zu einem besonderen Thema stattfinden, feierten die evangelischen Kirchengemeinden Kirch-G\u00f6ns und Pohl-G\u00f6ns und die Markusgemeinde dort Gottesdienst. 80 G\u00e4ste waren gekommen um bei Handk\u00e4s mit Musik und selbstgekelterten Apfelwein den Gedanken von Pfarrer David Lieder, Frau Schrenk und Christiane Dose zu folgen. Florian Ilge begleitete am Akkordeon. Die Betreiber Nicole und Andr\u00e9 F. Cannon seien vom Zuspruch \u00fcberwascht gewesen und hatten sich \u00fcber viele positive R\u00fcckmeldungen gefreut. Die einhellige Meinung demanch: \u201eN\u00e4chstes Jahr wieder\u201c!<\/p>\n\n\n\n<figure class=\"wp-block-image size-full\"><img loading=\"lazy\" decoding=\"async\" width=\"586\" height=\"413\" src=\"https:\/\/875jahrekirchgoens.de\/wp-content\/uploads\/2025\/11\/grafik-20.png\" alt=\"\" class=\"wp-image-16621\" srcset=\"http:\/\/875jahrekirchgoens.de\/wp-content\/uploads\/2025\/11\/grafik-20.png 586w, http:\/\/875jahrekirchgoens.de\/wp-content\/uploads\/2025\/11\/grafik-20-300x211.png 300w\" sizes=\"auto, (max-width: 586px) 100vw, 586px\" \/><\/figure>\n\n\n\n<p>Ein Teil der Organisatoren des Strau\u00dfwirtschaft-Gottesdienstes: <br>(v. l.) Nicole Cannon, David Lieder, Andr\u00e9 F. Cannon und Frauke Schrenk.\u00a0<\/p>\n\n\n\n<p>Quelle und Bild: Butzbacher Zeitung vom 30. Juli 2025\u00a0<\/p>\n","protected":false},"excerpt":{"rendered":"<p>Einen besonderen Gottesdienst hatten j\u00fcngst die Besucher in der Strau\u00dfwirtschaft \u201eZum G\u00f6nser St\u00f6ffche\u201c in Kirch-G\u00f6ns erlebt. Im Rahmen der \u201eKirche um Gottesdienste\u201c, die losgel\u00f6st vom vertrauten Gottesdienstgeschehen am Sonntagmorgen an einem besonderen Ort oder zu einem besonderen Thema stattfinden, feierten die evangelischen Kirchengemeinden Kirch-G\u00f6ns und Pohl-G\u00f6ns und die Markusgemeinde dort Gottesdienst. 80 G\u00e4ste waren gekommen &#8230; <a title=\"Gottesdienst zum St\u00f6ffche\" class=\"read-more\" href=\"http:\/\/875jahrekirchgoens.de\/?p=16619\" aria-label=\"Mehr Informationen \u00fcber Gottesdienst zum St\u00f6ffche\">Weiterlesen<\/a><\/p>\n","protected":false},"author":1,"featured_media":0,"comment_status":"closed","ping_status":"open","sticky":false,"template":"","format":"standard","meta":{"footnotes":""},"categories":[1],"tags":[],"class_list":["post-16619","post","type-post","status-publish","format-standard","hentry","category-infos"],"_links":{"self":[{"href":"http:\/\/875jahrekirchgoens.de\/index.php?rest_route=\/wp\/v2\/posts\/16619","targetHints":{"allow":["GET"]}}],"collection":[{"href":"http:\/\/875jahrekirchgoens.de\/index.php?rest_route=\/wp\/v2\/posts"}],"about":[{"href":"http:\/\/875jahrekirchgoens.de\/index.php?rest_route=\/wp\/v2\/types\/post"}],"author":[{"embeddable":true,"href":"http:\/\/875jahrekirchgoens.de\/index.php?rest_route=\/wp\/v2\/users\/1"}],"replies":[{"embeddable":true,"href":"http:\/\/875jahrekirchgoens.de\/index.php?rest_route=%2Fwp%2Fv2%2Fcomments&post=16619"}],"version-history":[{"count":1,"href":"http:\/\/875jahrekirchgoens.de\/index.php?rest_route=\/wp\/v2\/posts\/16619\/revisions"}],"predecessor-version":[{"id":16622,"href":"http:\/\/875jahrekirchgoens.de\/index.php?rest_route=\/wp\/v2\/posts\/16619\/revisions\/16622"}],"wp:attachment":[{"href":"http:\/\/875jahrekirchgoens.de\/index.php?rest_route=%2Fwp%2Fv2%2Fmedia&parent=16619"}],"wp:term":[{"taxonomy":"category","embeddable":true,"href":"http:\/\/875jahrekirchgoens.de\/index.php?rest_route=%2Fwp%2Fv2%2Fcategories&post=16619"},{"taxonomy":"post_tag","embeddable":true,"href":"http:\/\/875jahrekirchgoens.de\/index.php?rest_route=%2Fwp%2Fv2%2Ftags&post=16619"}],"curies":[{"name":"wp","href":"https:\/\/api.w.org\/{rel}","templated":true}]}}