{"id":16632,"date":"2025-07-10T16:20:00","date_gmt":"2025-07-10T16:20:00","guid":{"rendered":"https:\/\/875jahrekirchgoens.de\/?p=16632"},"modified":"2025-11-07T16:21:24","modified_gmt":"2025-11-07T16:21:24","slug":"grund-zum-jubel","status":"publish","type":"post","link":"http:\/\/875jahrekirchgoens.de\/?p=16632","title":{"rendered":"Grund zum Jubel\u00a0"},"content":{"rendered":"\n<p>Bereits an Pfingsten feierte die evangelische Kirchengemeinde Kirch-G\u00f6ns und Pohl-G\u00f6ns mit Pfarrer David Lieder das Fest der Jubelkonfirmation in beiden Kirchen. Am Pfingstsonntag trafen sich die Jubilare des 50. und 75. Konfirmationsjubil\u00e4ums aus Pohl-G\u00f6ns (r.), am Pfingstsonntag die ehemaligen Konfirmandinnen und Konfirmanden aus Kirch-G\u00f6ns (l.) zum Gottesdienst zum Abendmahl, um zur Erinnerung ihre Urkunden in Empfang zu nehmen.<\/p>\n\n\n\n<figure class=\"wp-block-image size-large\"><img loading=\"lazy\" decoding=\"async\" width=\"1024\" height=\"263\" src=\"https:\/\/875jahrekirchgoens.de\/wp-content\/uploads\/2025\/11\/grafik-21-1024x263.png\" alt=\"\" class=\"wp-image-16634\" srcset=\"http:\/\/875jahrekirchgoens.de\/wp-content\/uploads\/2025\/11\/grafik-21-1024x263.png 1024w, http:\/\/875jahrekirchgoens.de\/wp-content\/uploads\/2025\/11\/grafik-21-300x77.png 300w, http:\/\/875jahrekirchgoens.de\/wp-content\/uploads\/2025\/11\/grafik-21-768x197.png 768w, http:\/\/875jahrekirchgoens.de\/wp-content\/uploads\/2025\/11\/grafik-21.png 1273w\" sizes=\"auto, (max-width: 1024px) 100vw, 1024px\" \/><\/figure>\n\n\n\n<p>Quelle und Bild: Butzbacher Zeitung vom 10. Juli 2025<\/p>\n","protected":false},"excerpt":{"rendered":"<p>Bereits an Pfingsten feierte die evangelische Kirchengemeinde Kirch-G\u00f6ns und Pohl-G\u00f6ns mit Pfarrer David Lieder das Fest der Jubelkonfirmation in beiden Kirchen. Am Pfingstsonntag trafen sich die Jubilare des 50. und 75. Konfirmationsjubil\u00e4ums aus Pohl-G\u00f6ns (r.), am Pfingstsonntag die ehemaligen Konfirmandinnen und Konfirmanden aus Kirch-G\u00f6ns (l.) zum Gottesdienst zum Abendmahl, um zur Erinnerung ihre Urkunden in &#8230; <a title=\"Grund zum Jubel\u00a0\" class=\"read-more\" href=\"http:\/\/875jahrekirchgoens.de\/?p=16632\" aria-label=\"Mehr Informationen \u00fcber Grund zum Jubel\u00a0\">Weiterlesen<\/a><\/p>\n","protected":false},"author":1,"featured_media":0,"comment_status":"closed","ping_status":"open","sticky":false,"template":"","format":"standard","meta":{"footnotes":""},"categories":[1],"tags":[],"class_list":["post-16632","post","type-post","status-publish","format-standard","hentry","category-infos"],"_links":{"self":[{"href":"http:\/\/875jahrekirchgoens.de\/index.php?rest_route=\/wp\/v2\/posts\/16632","targetHints":{"allow":["GET"]}}],"collection":[{"href":"http:\/\/875jahrekirchgoens.de\/index.php?rest_route=\/wp\/v2\/posts"}],"about":[{"href":"http:\/\/875jahrekirchgoens.de\/index.php?rest_route=\/wp\/v2\/types\/post"}],"author":[{"embeddable":true,"href":"http:\/\/875jahrekirchgoens.de\/index.php?rest_route=\/wp\/v2\/users\/1"}],"replies":[{"embeddable":true,"href":"http:\/\/875jahrekirchgoens.de\/index.php?rest_route=%2Fwp%2Fv2%2Fcomments&post=16632"}],"version-history":[{"count":1,"href":"http:\/\/875jahrekirchgoens.de\/index.php?rest_route=\/wp\/v2\/posts\/16632\/revisions"}],"predecessor-version":[{"id":16635,"href":"http:\/\/875jahrekirchgoens.de\/index.php?rest_route=\/wp\/v2\/posts\/16632\/revisions\/16635"}],"wp:attachment":[{"href":"http:\/\/875jahrekirchgoens.de\/index.php?rest_route=%2Fwp%2Fv2%2Fmedia&parent=16632"}],"wp:term":[{"taxonomy":"category","embeddable":true,"href":"http:\/\/875jahrekirchgoens.de\/index.php?rest_route=%2Fwp%2Fv2%2Fcategories&post=16632"},{"taxonomy":"post_tag","embeddable":true,"href":"http:\/\/875jahrekirchgoens.de\/index.php?rest_route=%2Fwp%2Fv2%2Ftags&post=16632"}],"curies":[{"name":"wp","href":"https:\/\/api.w.org\/{rel}","templated":true}]}}