{"id":16637,"date":"2025-07-09T16:27:00","date_gmt":"2025-07-09T16:27:00","guid":{"rendered":"https:\/\/875jahrekirchgoens.de\/?p=16637"},"modified":"2025-11-07T16:28:51","modified_gmt":"2025-11-07T16:28:51","slug":"zwei-jahre-gutes-miteinander","status":"publish","type":"post","link":"http:\/\/875jahrekirchgoens.de\/?p=16637","title":{"rendered":"Zwei Jahre gutes Miteinander"},"content":{"rendered":"\n<p>Einladung f\u00fcr heute: MiMit-Sommer-Caf\u00e9 \u00fcberbr\u00fcckt die Sommerpause<\/p>\n\n\n\n<p>Im Juni hat der Miteinander-Mittagstisch der Evangelischen Kirchengemeinde Kirch- und Pohl-G\u00f6ns auf sein zweij\u00e4hriges Bestehen zur\u00fcckblicken k\u00f6nnen. Eine gro\u00dfe, gebastelte 2 \u2013 mit Sonnenblumen geschm\u00fcckt \u2013 war im Eingang zum Saal des Pohl-G\u00f6nser B\u00fcrgertreffs platziert worden und empfing die Essensg\u00e4ste. Auf Initiative von Menschen aus den beiden G\u00f6ns-D\u00f6rfern formte sich 2023 der Mittagstisch in Kirch-\/Pohl-G\u00f6ns. Im Juni fand dann das erste Mittagsessen statt. Vorbild waren die Senioren-Mittagstische in den benachbarten Ortschaften wie z. B. in Oberkleen. Doch auf rein \u00e4ltere Menschen wollte man sich nicht beschr\u00e4nken. IN Kirch-\/Pohl-G\u00f6ns soll sich jeder angesprochen f\u00fchlen \u2013 egal welchen Alters! Gerade bei den Best-Agern h\u00f6rte man die Bezeichnung \u201eSenioren\u201c nicht so gerne. Daher vermeiden die Organisatoren diesen Begriff mit Bedacht. Umso mehr freuen sie sich, wenn unter den regelm\u00e4\u00dfigen 90 bis 120 G\u00e4sten mitunter ganze Familien \u2013 von Ur-Oma, Ur-Opa bis zum Ur-Enkelkind \u2013 den Weg zum gemeinsamen Essen finden. Man nimmt sich Zeit und kommt zusammen. Immer am zweiten Mittwoch im Monat im Wechsel im B\u00fcrgerhaus Kirch-G\u00f6ns und im Pohl-G\u00f6nser B\u00fcrgertreff. Ein Mittagsessen f\u00fcr zwei nicht immer ganz so einige D\u00f6rfer, damit nimmt man R\u00fccksicht auf besondere Verh\u00e4ltnisse zwischen Pohl-G\u00f6ns und Kirch-G\u00f6ns. Aber gerade deswegen legt man Wert auf das Verbindende und das Zusammensein. Beim Miteinander-Mittagstisch (MiMit) steht das auch so im Namen und wird untermalt mit der Devise: \u201eWeil\u00b4s gemeinsam einfach besser schmeckt\u201c. Im Juli und August macht der MiMit nun Sommerpause. Daher wird es in diesen beiden Monaten kein gemeinsames Mittagessen geben. Die Stammg\u00e4ste des monatlichen Miteinanders m\u00fcssen in diesen beiden Sommermonaten jedoch nicht zu Hause bleiben. Denn in der Pause f\u00fcllt das \u201eMiMit-Sommer-Caf\u00e9\u201c die L\u00fccke. Am heutigen 9. Juli um 15 Uhr im B\u00fcrgerhaus Kirch-G\u00f6ns sowie am Mittwoch, 13. August, im B\u00fcrgertreff Pohl-G\u00f6ns l\u00e4dt das MiMit-Team zum gemeinsamen Kaffeetrinken ein. Die gewohnten R\u00e4umlichkeiten und der Kaffee werden bereitgehalten. Zur Erfrischung wird Eiskaffee das Angebot erweitern. Zu Kuchenspenden wurde im Vorfeld aufgerufen. Jeder, der zum MiMit am 13. August etwas beisteuern m\u00f6chte, kann sich im Gemeindeb\u00fcro melden unter Tel. 06033-60941, E-Mail: gemeindebuero@evkpg.de. Nat\u00fcrlich darf neben den Stammg\u00e4sten auch jeder kommen, der Lust dazu hat und gern gemeinsam und miteinander Kaffee und Kuchen genie\u00dfen m\u00f6chte, so lassen es die Engagierten der Kirchengemeinde wissen. Im September geht der Miteinander-Mittagstisch wie gewohnt weiter, mit einem Mittagsessen im Kirch-G\u00f6nser B\u00fcrgerhaus.<\/p>\n\n\n\n<figure class=\"wp-block-image size-large\"><img loading=\"lazy\" decoding=\"async\" width=\"1024\" height=\"334\" src=\"https:\/\/875jahrekirchgoens.de\/wp-content\/uploads\/2025\/11\/grafik-22-1024x334.png\" alt=\"\" class=\"wp-image-16639\" srcset=\"http:\/\/875jahrekirchgoens.de\/wp-content\/uploads\/2025\/11\/grafik-22-1024x334.png 1024w, http:\/\/875jahrekirchgoens.de\/wp-content\/uploads\/2025\/11\/grafik-22-300x98.png 300w, http:\/\/875jahrekirchgoens.de\/wp-content\/uploads\/2025\/11\/grafik-22-768x251.png 768w, http:\/\/875jahrekirchgoens.de\/wp-content\/uploads\/2025\/11\/grafik-22.png 1283w\" sizes=\"auto, (max-width: 1024px) 100vw, 1024px\" \/><\/figure>\n\n\n\n<p>Pfarrer David Lieder und das MiMit-Tem um die zahlreichen ehrenamtlichen Engagierten freuen sich \u00fcber das zweij\u00e4hrige Bestehen. Ebenso sehr freut man sich \u00fcber weitere tatkr\u00e4ftige m\u00e4nnliche Unterst\u00fctzung. Jeder, der mitmachen m\u00f6chte, darf einfach vorbeikommen. In der K\u00fcche herrscht Hochbetrieb. Die flei\u00dfigen Helfer hatten bei den hohen Temperaturen viel zu tun. Backfisch und Kartoffelsalat stand auf der Speisekarte.\u00a0<\/p>\n\n\n\n<figure class=\"wp-block-image size-full\"><img loading=\"lazy\" decoding=\"async\" width=\"414\" height=\"592\" src=\"https:\/\/875jahrekirchgoens.de\/wp-content\/uploads\/2025\/11\/grafik-23.png\" alt=\"\" class=\"wp-image-16640\" srcset=\"http:\/\/875jahrekirchgoens.de\/wp-content\/uploads\/2025\/11\/grafik-23.png 414w, http:\/\/875jahrekirchgoens.de\/wp-content\/uploads\/2025\/11\/grafik-23-210x300.png 210w\" sizes=\"auto, (max-width: 414px) 100vw, 414px\" \/><\/figure>\n\n\n\n<p>Zum Nachtisch erfreute Martin Jun die Besucher mit Eis&nbsp;<\/p>\n\n\n\n<p>Quelle und Bilder: Butzbacher Zeitung vom 9. Juli 2025&nbsp;<\/p>\n","protected":false},"excerpt":{"rendered":"<p>Einladung f\u00fcr heute: MiMit-Sommer-Caf\u00e9 \u00fcberbr\u00fcckt die Sommerpause Im Juni hat der Miteinander-Mittagstisch der Evangelischen Kirchengemeinde Kirch- und Pohl-G\u00f6ns auf sein zweij\u00e4hriges Bestehen zur\u00fcckblicken k\u00f6nnen. Eine gro\u00dfe, gebastelte 2 \u2013 mit Sonnenblumen geschm\u00fcckt \u2013 war im Eingang zum Saal des Pohl-G\u00f6nser B\u00fcrgertreffs platziert worden und empfing die Essensg\u00e4ste. Auf Initiative von Menschen aus den beiden G\u00f6ns-D\u00f6rfern &#8230; <a title=\"Zwei Jahre gutes Miteinander\" class=\"read-more\" href=\"http:\/\/875jahrekirchgoens.de\/?p=16637\" aria-label=\"Mehr Informationen \u00fcber Zwei Jahre gutes Miteinander\">Weiterlesen<\/a><\/p>\n","protected":false},"author":1,"featured_media":0,"comment_status":"closed","ping_status":"open","sticky":false,"template":"","format":"standard","meta":{"footnotes":""},"categories":[1],"tags":[],"class_list":["post-16637","post","type-post","status-publish","format-standard","hentry","category-infos"],"_links":{"self":[{"href":"http:\/\/875jahrekirchgoens.de\/index.php?rest_route=\/wp\/v2\/posts\/16637","targetHints":{"allow":["GET"]}}],"collection":[{"href":"http:\/\/875jahrekirchgoens.de\/index.php?rest_route=\/wp\/v2\/posts"}],"about":[{"href":"http:\/\/875jahrekirchgoens.de\/index.php?rest_route=\/wp\/v2\/types\/post"}],"author":[{"embeddable":true,"href":"http:\/\/875jahrekirchgoens.de\/index.php?rest_route=\/wp\/v2\/users\/1"}],"replies":[{"embeddable":true,"href":"http:\/\/875jahrekirchgoens.de\/index.php?rest_route=%2Fwp%2Fv2%2Fcomments&post=16637"}],"version-history":[{"count":1,"href":"http:\/\/875jahrekirchgoens.de\/index.php?rest_route=\/wp\/v2\/posts\/16637\/revisions"}],"predecessor-version":[{"id":16641,"href":"http:\/\/875jahrekirchgoens.de\/index.php?rest_route=\/wp\/v2\/posts\/16637\/revisions\/16641"}],"wp:attachment":[{"href":"http:\/\/875jahrekirchgoens.de\/index.php?rest_route=%2Fwp%2Fv2%2Fmedia&parent=16637"}],"wp:term":[{"taxonomy":"category","embeddable":true,"href":"http:\/\/875jahrekirchgoens.de\/index.php?rest_route=%2Fwp%2Fv2%2Fcategories&post=16637"},{"taxonomy":"post_tag","embeddable":true,"href":"http:\/\/875jahrekirchgoens.de\/index.php?rest_route=%2Fwp%2Fv2%2Ftags&post=16637"}],"curies":[{"name":"wp","href":"https:\/\/api.w.org\/{rel}","templated":true}]}}