{"id":16644,"date":"2025-06-12T16:42:00","date_gmt":"2025-06-12T16:42:00","guid":{"rendered":"https:\/\/875jahrekirchgoens.de\/?p=16644"},"modified":"2025-11-07T16:44:29","modified_gmt":"2025-11-07T16:44:29","slug":"spannung-um-holzadler","status":"publish","type":"post","link":"http:\/\/875jahrekirchgoens.de\/?p=16644","title":{"rendered":"Spannung um Holzadler"},"content":{"rendered":"\n<p>Schicketanz und M\u00fcller gewinnen K\u00f6nigsschie\u00dfen des SV<\/p>\n\n\n\n<p>Zum 62. Mal hat der Sch\u00fctzenverein Kirch-G\u00f6ns j\u00fcngst sein K\u00f6nigsschie\u00dfen ausgerichtet. Zahlreiche Vereinsmitglieder und Freunde fanden sich ein. Das Schie\u00dfen auf den h\u00f6lzernen Adler konnte in diesem Jahr deswegen wieder getrennt f\u00fcr Damen und Herren durchgef\u00fchrt werden. Das berichtet der Verein. Bei den Damen fiel nach einem spannenden Wettkampf mit dem 222. Schuss die Krone. Kathy Schicketanz wurde zur neuen Sch\u00fctzenk\u00f6nigin gek\u00fcrt; gefolgt von Julia M\u00fcller als Hofdame. Bei den Herren war viel Ausdauer gefragt. Der Wettstreit um die K\u00f6nigsw\u00fcrde dauerte bis nach Mitternacht. Erst mit dem 267. Schuss stand Karsten M\u00fcller als neuer Sch\u00fctzenk\u00f6nig fest. Ihm zur Seite stehen Christian M\u00fcll als erster Ritter und Hagen Heinz als zweiter Ritter. Ein weiteres Highlight sei die Vergabe des Rudi-Stecher-Pokals f\u00fcr den besten Schuss beim K\u00f6nigsschie\u00dfen gewesen, schreibt der SV weiter. Auch hier \u00fcberzeugte Karsten M\u00fcller und sicherte sich den Pokal. Nach der feierlichen Proklamation der neuen W\u00fcrdentr\u00e4ger klang der Abend in geselliger Runde aus.<\/p>\n\n\n\n<figure class=\"wp-block-image size-large\"><img loading=\"lazy\" decoding=\"async\" width=\"1024\" height=\"768\" src=\"https:\/\/875jahrekirchgoens.de\/wp-content\/uploads\/2025\/11\/IMG_7169-1024x768.jpg\" alt=\"\" class=\"wp-image-16645\" srcset=\"http:\/\/875jahrekirchgoens.de\/wp-content\/uploads\/2025\/11\/IMG_7169-1024x768.jpg 1024w, http:\/\/875jahrekirchgoens.de\/wp-content\/uploads\/2025\/11\/IMG_7169-300x225.jpg 300w, http:\/\/875jahrekirchgoens.de\/wp-content\/uploads\/2025\/11\/IMG_7169-768x576.jpg 768w, http:\/\/875jahrekirchgoens.de\/wp-content\/uploads\/2025\/11\/IMG_7169-1536x1152.jpg 1536w, http:\/\/875jahrekirchgoens.de\/wp-content\/uploads\/2025\/11\/IMG_7169-2048x1536.jpg 2048w\" sizes=\"auto, (max-width: 1024px) 100vw, 1024px\" \/><\/figure>\n\n\n\n<p>Die diesj\u00e4hrige K\u00f6nigsfamile des SV Kirch-G\u00f6ns (v. l.)<br>1. Ritter Christian M\u00fcll, 2. Ritter Hagen Heinz, Sch\u00fctzenk\u00f6nigin Kathy Schicketanz, Sch\u00fctzenk\u00f6nig Karsten M\u00fcller und Hofdame Julia M\u00fcller.\u00a0\u00a0<\/p>\n\n\n\n<p>Quelle und Bild: Butzbacher Zeitung vom 12. Juni 2025&nbsp;<\/p>\n\n\n\n<p><\/p>\n","protected":false},"excerpt":{"rendered":"<p>Schicketanz und M\u00fcller gewinnen K\u00f6nigsschie\u00dfen des SV Zum 62. Mal hat der Sch\u00fctzenverein Kirch-G\u00f6ns j\u00fcngst sein K\u00f6nigsschie\u00dfen ausgerichtet. Zahlreiche Vereinsmitglieder und Freunde fanden sich ein. Das Schie\u00dfen auf den h\u00f6lzernen Adler konnte in diesem Jahr deswegen wieder getrennt f\u00fcr Damen und Herren durchgef\u00fchrt werden. Das berichtet der Verein. Bei den Damen fiel nach einem spannenden &#8230; <a title=\"Spannung um Holzadler\" class=\"read-more\" href=\"http:\/\/875jahrekirchgoens.de\/?p=16644\" aria-label=\"Mehr Informationen \u00fcber Spannung um Holzadler\">Weiterlesen<\/a><\/p>\n","protected":false},"author":1,"featured_media":0,"comment_status":"closed","ping_status":"open","sticky":false,"template":"","format":"standard","meta":{"footnotes":""},"categories":[1],"tags":[],"class_list":["post-16644","post","type-post","status-publish","format-standard","hentry","category-infos"],"_links":{"self":[{"href":"http:\/\/875jahrekirchgoens.de\/index.php?rest_route=\/wp\/v2\/posts\/16644","targetHints":{"allow":["GET"]}}],"collection":[{"href":"http:\/\/875jahrekirchgoens.de\/index.php?rest_route=\/wp\/v2\/posts"}],"about":[{"href":"http:\/\/875jahrekirchgoens.de\/index.php?rest_route=\/wp\/v2\/types\/post"}],"author":[{"embeddable":true,"href":"http:\/\/875jahrekirchgoens.de\/index.php?rest_route=\/wp\/v2\/users\/1"}],"replies":[{"embeddable":true,"href":"http:\/\/875jahrekirchgoens.de\/index.php?rest_route=%2Fwp%2Fv2%2Fcomments&post=16644"}],"version-history":[{"count":1,"href":"http:\/\/875jahrekirchgoens.de\/index.php?rest_route=\/wp\/v2\/posts\/16644\/revisions"}],"predecessor-version":[{"id":16646,"href":"http:\/\/875jahrekirchgoens.de\/index.php?rest_route=\/wp\/v2\/posts\/16644\/revisions\/16646"}],"wp:attachment":[{"href":"http:\/\/875jahrekirchgoens.de\/index.php?rest_route=%2Fwp%2Fv2%2Fmedia&parent=16644"}],"wp:term":[{"taxonomy":"category","embeddable":true,"href":"http:\/\/875jahrekirchgoens.de\/index.php?rest_route=%2Fwp%2Fv2%2Fcategories&post=16644"},{"taxonomy":"post_tag","embeddable":true,"href":"http:\/\/875jahrekirchgoens.de\/index.php?rest_route=%2Fwp%2Fv2%2Ftags&post=16644"}],"curies":[{"name":"wp","href":"https:\/\/api.w.org\/{rel}","templated":true}]}}