{"id":16648,"date":"2025-09-01T15:20:00","date_gmt":"2025-09-01T15:20:00","guid":{"rendered":"https:\/\/875jahrekirchgoens.de\/?p=16648"},"modified":"2025-11-08T15:23:08","modified_gmt":"2025-11-08T15:23:08","slug":"party-hits-und-nostalgie","status":"publish","type":"post","link":"http:\/\/875jahrekirchgoens.de\/?p=16648","title":{"rendered":"Party -Hits und Nostalgie"},"content":{"rendered":"\n<p>Jubil\u00e4um \u00bb875-Jahre Kirch-G\u00f6ns\u00ab: Zwei ausgelassene Abende mit guter Stimmung im Festzelt<\/p>\n\n\n\n<figure class=\"wp-block-image size-large\"><img loading=\"lazy\" decoding=\"async\" width=\"1024\" height=\"726\" src=\"https:\/\/875jahrekirchgoens.de\/wp-content\/uploads\/2025\/11\/grafik-24-1024x726.png\" alt=\"\" class=\"wp-image-16649\" srcset=\"http:\/\/875jahrekirchgoens.de\/wp-content\/uploads\/2025\/11\/grafik-24-1024x726.png 1024w, http:\/\/875jahrekirchgoens.de\/wp-content\/uploads\/2025\/11\/grafik-24-300x213.png 300w, http:\/\/875jahrekirchgoens.de\/wp-content\/uploads\/2025\/11\/grafik-24-768x544.png 768w, http:\/\/875jahrekirchgoens.de\/wp-content\/uploads\/2025\/11\/grafik-24.png 1030w\" sizes=\"auto, (max-width: 1024px) 100vw, 1024px\" \/><\/figure>\n\n\n\n<p>Kirch-G\u00f6ns (pm)i In Party-Laune haben sich am Wochenende die Besucher der Jubil\u00e4umsfeier 875 Jahre Kirch-G\u00f6ns gezeigt. Die Mallorca-Party am Freitag und &#8218;ABBA 99\u00ab am Samstag waren ein furioser Start vor dem H\u00f6hepunkt des gestrigen Festumzugs. Mallorca-Feeling mitten in Hessen: Wer am Freitagabend ins festlich dekorierte Zelt kam. wurde nicht entt\u00e4uscht: Der Auftakt zum Festwochenende anl\u00e4sslich des 875-j\u00e4hrigen Bestehens verwandelte sich in eine ausgelassene Mallorca-Party der Extraklasse. Stimmungsgarant Tommy Fieber. der auf den B\u00fchnen der Baleareninsel l\u00e4ngst Kultstatus genie\u00dft, heizte den G\u00e4sten ordentlich ein. F\u00fcnf Stunden lang lieferte der Entertainer ein energiegeladenes Hit-Feuerwerk. Das Kirch-G\u00f6ns kurzerhand zur Partyhochburg machte. Mit im Gep\u00e4ck: jede Menge gute Laune, ein Repertoire voller \u2022MalIe-Hymnen\u00ab und die unmissverst\u00e4ndliche Botschaft. Dass man auch fernab der Playa de Palma ordentlich feiern kann. Publikum textsicher Das Zelt bebte geradezu: Schon beim ersten Beat war klar: Das wird ein gelungener Abend Das Zelt, liebevoll im Mallorca-Stil dekoriert, war gut gef\u00fcllt. als Tommy Fieber die B\u00fchne betrat. Mit Klassikern wie Major Tom\u00ab, \u00bbOlivia\u00ab und \u00bbLeila\u00ab und vielen mehr traf er den Nerv des bunt gemischten Publikums von jung bis jung geblieben. Die G\u00e4ste sangen textsicher mit, tanzten ausgelassen und verwandelten das Festzelt in eine vibrierende Partyzone. Der Zeltboden wackelte, die Stimmung kochte &#8211; und Kirch-G\u00f6ns zeigte eindrucksvoll, wie man Jubil\u00e4um feiert. <\/p>\n\n\n\n<p>Am zweiten Event-Abend w\u00e4hrend des Festwochenendes versetzte die Kult-Coverband \u00bbABBA 99\u00ab die zahlreichen Besucher im Festzelt zur\u00fcck in die schillernden 70er\u2022Jahre. Bereits die ersten Takte machten deutlich, dass dieser Abend unvergesslich werden w\u00fcrde. Sp\u00e4testens beim zweiten Song hielt es niemanden mehr auf den Sitzen. Die Tanzfl\u00e4che f\u00fcllte sich und das Publikum zeigte sich in bester Feierlaune. Mitrei\u00dfende Stimmung, strahlende Gesichter und erstaunliche Textsicherheit der Festzelt-Besucher machten die Show zu einem musikalischen Highlight. Hits wie \u00bbDancing Queen\u00ab, \u00bbThe Winner Takes lt All\u00ab oder \u00bbSOS\u00ab wurden nicht nur gespielt. sondern regelrecht zelebriert. Die Band \u00fcberzeugte mit authentischem Sound, stilechten Outfits und einer B\u00fchnenpr\u00e4senz, die dem Original in nichts nachstand. Auch weniger bekannte Songs wie \u00bbOn and on\u00ab oder \u00bbOne of us\u00ab fanden begeisterte Resonanz und sorgten f\u00fcr G\u00e4nsehautmomente. In der Pause sorgte der gut aufgelegte Oliver Schraml f\u00fcr musikalische Unterhaltung. Die Besucher sangen, tanzten und feierten bis sp\u00e4t in die Nacht &#8211; ein Abend, der nicht nur Fans der schwedischen Pop-Legenden begeisterte, sondern das Festwochenende \u00bb875 Jahre Kirch-G\u00f6ns\u00ab um einen glanzvollen H\u00f6hepunkt bereicherte (weiterer Bericht folgt).<\/p>\n\n\n\n<p>Quelle und Bild Butzbacher Zeitung<\/p>\n","protected":false},"excerpt":{"rendered":"<p>Jubil\u00e4um \u00bb875-Jahre Kirch-G\u00f6ns\u00ab: Zwei ausgelassene Abende mit guter Stimmung im Festzelt Kirch-G\u00f6ns (pm)i In Party-Laune haben sich am Wochenende die Besucher der Jubil\u00e4umsfeier 875 Jahre Kirch-G\u00f6ns gezeigt. Die Mallorca-Party am Freitag und &#8218;ABBA 99\u00ab am Samstag waren ein furioser Start vor dem H\u00f6hepunkt des gestrigen Festumzugs. Mallorca-Feeling mitten in Hessen: Wer am Freitagabend ins festlich &#8230; <a title=\"Party -Hits und Nostalgie\" class=\"read-more\" href=\"http:\/\/875jahrekirchgoens.de\/?p=16648\" aria-label=\"Mehr Informationen \u00fcber Party -Hits und Nostalgie\">Weiterlesen<\/a><\/p>\n","protected":false},"author":1,"featured_media":0,"comment_status":"closed","ping_status":"open","sticky":false,"template":"","format":"standard","meta":{"footnotes":""},"categories":[1],"tags":[],"class_list":["post-16648","post","type-post","status-publish","format-standard","hentry","category-infos"],"_links":{"self":[{"href":"http:\/\/875jahrekirchgoens.de\/index.php?rest_route=\/wp\/v2\/posts\/16648","targetHints":{"allow":["GET"]}}],"collection":[{"href":"http:\/\/875jahrekirchgoens.de\/index.php?rest_route=\/wp\/v2\/posts"}],"about":[{"href":"http:\/\/875jahrekirchgoens.de\/index.php?rest_route=\/wp\/v2\/types\/post"}],"author":[{"embeddable":true,"href":"http:\/\/875jahrekirchgoens.de\/index.php?rest_route=\/wp\/v2\/users\/1"}],"replies":[{"embeddable":true,"href":"http:\/\/875jahrekirchgoens.de\/index.php?rest_route=%2Fwp%2Fv2%2Fcomments&post=16648"}],"version-history":[{"count":2,"href":"http:\/\/875jahrekirchgoens.de\/index.php?rest_route=\/wp\/v2\/posts\/16648\/revisions"}],"predecessor-version":[{"id":16652,"href":"http:\/\/875jahrekirchgoens.de\/index.php?rest_route=\/wp\/v2\/posts\/16648\/revisions\/16652"}],"wp:attachment":[{"href":"http:\/\/875jahrekirchgoens.de\/index.php?rest_route=%2Fwp%2Fv2%2Fmedia&parent=16648"}],"wp:term":[{"taxonomy":"category","embeddable":true,"href":"http:\/\/875jahrekirchgoens.de\/index.php?rest_route=%2Fwp%2Fv2%2Fcategories&post=16648"},{"taxonomy":"post_tag","embeddable":true,"href":"http:\/\/875jahrekirchgoens.de\/index.php?rest_route=%2Fwp%2Fv2%2Ftags&post=16648"}],"curies":[{"name":"wp","href":"https:\/\/api.w.org\/{rel}","templated":true}]}}