{"id":16661,"date":"2019-10-28T23:17:00","date_gmt":"2019-10-28T23:17:00","guid":{"rendered":"https:\/\/875jahrekirchgoens.de\/?p=16661"},"modified":"2025-11-08T23:19:04","modified_gmt":"2025-11-08T23:19:04","slug":"italienischer-abend-mit-musik","status":"publish","type":"post","link":"http:\/\/875jahrekirchgoens.de\/?p=16661","title":{"rendered":"Italienischer Abend mit Musik\u00a0"},"content":{"rendered":"\n<p>Der Heimat- und Backhausverein Kirch-G\u00f6ns veranstaltet am Samstag den inzwischen schon traditionellen italienischen Abend im B\u00fcrgerhaus. Zu essen gab es Pizzen. Sie waren auf gro\u00dfen Kuchenblechen fertig belegt worden und wurden dann von Thomas Reinl und Edith Weber im Backhaus in den Ofen geschoben. Wenn wieder ein Schwung fertig war, wurde er gleich hin\u00fcber ins B\u00fcrgerhaus getragen. Es waren sehr viele G\u00e4ste gekommen, dies sich die Pizzen schmecken lie\u00dfen. F\u00fcr die musikalische Unterhaltung sorgte Alleinunterhalter Volker Busch, der auf seinem E-Piano Schlager und Party-Hits spielte und dazu sang. Es waren auch etliche italienische Hits dabei. Es war wieder ein rundum gelungener Abend.&nbsp;&nbsp;<\/p>\n\n\n\n<figure class=\"wp-block-image size-large\"><img loading=\"lazy\" decoding=\"async\" width=\"1024\" height=\"356\" src=\"https:\/\/875jahrekirchgoens.de\/wp-content\/uploads\/2025\/11\/grafik-27-1024x356.png\" alt=\"\" class=\"wp-image-16662\" srcset=\"http:\/\/875jahrekirchgoens.de\/wp-content\/uploads\/2025\/11\/grafik-27-1024x356.png 1024w, http:\/\/875jahrekirchgoens.de\/wp-content\/uploads\/2025\/11\/grafik-27-300x104.png 300w, http:\/\/875jahrekirchgoens.de\/wp-content\/uploads\/2025\/11\/grafik-27-768x267.png 768w, http:\/\/875jahrekirchgoens.de\/wp-content\/uploads\/2025\/11\/grafik-27.png 1048w\" sizes=\"auto, (max-width: 1024px) 100vw, 1024px\" \/><\/figure>\n\n\n\n<p>                      Thomas Reinl (l.) und Edith Weber\u00a0                                                                                                                        G\u00e4ste des italienischen Abends.<br>                               im Kirch-G\u00f6nser Backhaus.\u00a0<\/p>\n\n\n\n<p>Quelle und Bilder: Butzbacher Zeitung vom 28. Oktober 2019<\/p>\n","protected":false},"excerpt":{"rendered":"<p>Der Heimat- und Backhausverein Kirch-G\u00f6ns veranstaltet am Samstag den inzwischen schon traditionellen italienischen Abend im B\u00fcrgerhaus. Zu essen gab es Pizzen. Sie waren auf gro\u00dfen Kuchenblechen fertig belegt worden und wurden dann von Thomas Reinl und Edith Weber im Backhaus in den Ofen geschoben. Wenn wieder ein Schwung fertig war, wurde er gleich hin\u00fcber ins &#8230; <a title=\"Italienischer Abend mit Musik\u00a0\" class=\"read-more\" href=\"http:\/\/875jahrekirchgoens.de\/?p=16661\" aria-label=\"Mehr Informationen \u00fcber Italienischer Abend mit Musik\u00a0\">Weiterlesen<\/a><\/p>\n","protected":false},"author":1,"featured_media":0,"comment_status":"closed","ping_status":"open","sticky":false,"template":"","format":"standard","meta":{"footnotes":""},"categories":[1],"tags":[],"class_list":["post-16661","post","type-post","status-publish","format-standard","hentry","category-infos"],"_links":{"self":[{"href":"http:\/\/875jahrekirchgoens.de\/index.php?rest_route=\/wp\/v2\/posts\/16661","targetHints":{"allow":["GET"]}}],"collection":[{"href":"http:\/\/875jahrekirchgoens.de\/index.php?rest_route=\/wp\/v2\/posts"}],"about":[{"href":"http:\/\/875jahrekirchgoens.de\/index.php?rest_route=\/wp\/v2\/types\/post"}],"author":[{"embeddable":true,"href":"http:\/\/875jahrekirchgoens.de\/index.php?rest_route=\/wp\/v2\/users\/1"}],"replies":[{"embeddable":true,"href":"http:\/\/875jahrekirchgoens.de\/index.php?rest_route=%2Fwp%2Fv2%2Fcomments&post=16661"}],"version-history":[{"count":1,"href":"http:\/\/875jahrekirchgoens.de\/index.php?rest_route=\/wp\/v2\/posts\/16661\/revisions"}],"predecessor-version":[{"id":16663,"href":"http:\/\/875jahrekirchgoens.de\/index.php?rest_route=\/wp\/v2\/posts\/16661\/revisions\/16663"}],"wp:attachment":[{"href":"http:\/\/875jahrekirchgoens.de\/index.php?rest_route=%2Fwp%2Fv2%2Fmedia&parent=16661"}],"wp:term":[{"taxonomy":"category","embeddable":true,"href":"http:\/\/875jahrekirchgoens.de\/index.php?rest_route=%2Fwp%2Fv2%2Fcategories&post=16661"},{"taxonomy":"post_tag","embeddable":true,"href":"http:\/\/875jahrekirchgoens.de\/index.php?rest_route=%2Fwp%2Fv2%2Ftags&post=16661"}],"curies":[{"name":"wp","href":"https:\/\/api.w.org\/{rel}","templated":true}]}}