{"id":16665,"date":"2019-10-18T23:21:00","date_gmt":"2019-10-18T23:21:00","guid":{"rendered":"https:\/\/875jahrekirchgoens.de\/?p=16665"},"modified":"2025-11-09T13:27:11","modified_gmt":"2025-11-09T13:27:11","slug":"was-kommt-auf-die-kirchengemeinden-kirch-goens-und-pohl-goens-zu","status":"publish","type":"post","link":"http:\/\/875jahrekirchgoens.de\/?p=16665","title":{"rendered":"Was kommt auf die Kirchengemeinden Kirch-G\u00f6ns und Pohl-G\u00f6ns zu?\u00a0"},"content":{"rendered":"\n<p><strong>In Gemeindeversammlungen werden Mitglieder informiert\/Pfarrer William Thum geht in Ruhestand<\/strong>&nbsp;<\/p>\n\n\n\n<p>Die Kirchenvorst\u00e4nde der evangelischen Kirchengemeinden Kirch-G\u00f6ns und Pohl-G\u00f6ns laden alle Gemeindemitglieder herzlich ein zu Gemeindeversammlungen. In Pohl-G\u00f6ns findet sie statt am Sonntag, 20.Oktober, um 11.30 Uhr in der Kirche im Anschluss an den Gottesdienst, der um 10.30 Uhr beginnt. Folgende Tagesordnung ist vorgesehen: Begr\u00fc\u00dfung (Vorsitzender B. Dern; in Kirch-G\u00f6ns, Vorsitzender D. Meier), Feststellung der Formalia, Bericht des Vorsitzenden (Pohl-G\u00f6ns, B. Dern; Kirch-G\u00f6ns: D. Meier), Bericht von Pfarrer Thum, Aussprache und Antr\u00e4ge, Verschiedenes, Schlussgebet und Segen.<strong> <\/strong>Zu den besonders wichtigen Themen z\u00e4hlen die Kirchenvorstandswahl 2021, der Bericht zum Stand der Entwicklung eines Kooperationsraums mit anderen Gemeinden und ein Ausblick auf das Verfahren, das mit der Pensionierung von Pfarrer William Thum in etwa zwei Jahren ansteht. Nach dem Informationsteil besteht Gelegenheit zu Fragen und Gespr\u00e4chsaustausch mit dem Pfarrer und den Mitgliedern des Kirchenvorstandes. Ebenso k\u00f6nnen Antr\u00e4ge an die Kirchenvorst\u00e4nde gestellt werden. Antrags- und Rederecht besteht nur f\u00fcr Gemeindemitglieder. Die Gemeindeversammlung in Kirch-G\u00f6ns findet statt am Donnerstag, 31. Oktober (Reformationstag) im Anschluss an den Gottesdienst um 19.00 Uhr, ebenfalls in der Kirche. Die Tagesordnung wird dieselbe wie in Pohl-G\u00f6ns sein, ebenso die f\u00fcr die Gemeinde besonders wichtigen Themen. Da bedeutungsvolle Entscheidungen in den n\u00e4chsten beiden Jahren anstehen, w\u00fcrden sich die Kirchenvorst\u00e4nde und Pfarrer Thum sehr \u00fcber eine rege Beteiligung an den Gemeindeversammlungen freuen.&nbsp;<\/p>\n\n\n\n<p>Quelle: Butzbacher Zeitung vom 18. Oktober 2019&nbsp;<\/p>\n","protected":false},"excerpt":{"rendered":"<p>In Gemeindeversammlungen werden Mitglieder informiert\/Pfarrer William Thum geht in Ruhestand&nbsp; Die Kirchenvorst\u00e4nde der evangelischen Kirchengemeinden Kirch-G\u00f6ns und Pohl-G\u00f6ns laden alle Gemeindemitglieder herzlich ein zu Gemeindeversammlungen. In Pohl-G\u00f6ns findet sie statt am Sonntag, 20.Oktober, um 11.30 Uhr in der Kirche im Anschluss an den Gottesdienst, der um 10.30 Uhr beginnt. Folgende Tagesordnung ist vorgesehen: Begr\u00fc\u00dfung (Vorsitzender &#8230; <a title=\"Was kommt auf die Kirchengemeinden Kirch-G\u00f6ns und Pohl-G\u00f6ns zu?\u00a0\" class=\"read-more\" href=\"http:\/\/875jahrekirchgoens.de\/?p=16665\" aria-label=\"Mehr Informationen \u00fcber Was kommt auf die Kirchengemeinden Kirch-G\u00f6ns und Pohl-G\u00f6ns zu?\u00a0\">Weiterlesen<\/a><\/p>\n","protected":false},"author":1,"featured_media":0,"comment_status":"closed","ping_status":"open","sticky":false,"template":"","format":"standard","meta":{"footnotes":""},"categories":[1],"tags":[],"class_list":["post-16665","post","type-post","status-publish","format-standard","hentry","category-infos"],"_links":{"self":[{"href":"http:\/\/875jahrekirchgoens.de\/index.php?rest_route=\/wp\/v2\/posts\/16665","targetHints":{"allow":["GET"]}}],"collection":[{"href":"http:\/\/875jahrekirchgoens.de\/index.php?rest_route=\/wp\/v2\/posts"}],"about":[{"href":"http:\/\/875jahrekirchgoens.de\/index.php?rest_route=\/wp\/v2\/types\/post"}],"author":[{"embeddable":true,"href":"http:\/\/875jahrekirchgoens.de\/index.php?rest_route=\/wp\/v2\/users\/1"}],"replies":[{"embeddable":true,"href":"http:\/\/875jahrekirchgoens.de\/index.php?rest_route=%2Fwp%2Fv2%2Fcomments&post=16665"}],"version-history":[{"count":1,"href":"http:\/\/875jahrekirchgoens.de\/index.php?rest_route=\/wp\/v2\/posts\/16665\/revisions"}],"predecessor-version":[{"id":16666,"href":"http:\/\/875jahrekirchgoens.de\/index.php?rest_route=\/wp\/v2\/posts\/16665\/revisions\/16666"}],"wp:attachment":[{"href":"http:\/\/875jahrekirchgoens.de\/index.php?rest_route=%2Fwp%2Fv2%2Fmedia&parent=16665"}],"wp:term":[{"taxonomy":"category","embeddable":true,"href":"http:\/\/875jahrekirchgoens.de\/index.php?rest_route=%2Fwp%2Fv2%2Fcategories&post=16665"},{"taxonomy":"post_tag","embeddable":true,"href":"http:\/\/875jahrekirchgoens.de\/index.php?rest_route=%2Fwp%2Fv2%2Ftags&post=16665"}],"curies":[{"name":"wp","href":"https:\/\/api.w.org\/{rel}","templated":true}]}}