{"id":16679,"date":"2019-09-11T23:48:00","date_gmt":"2019-09-11T23:48:00","guid":{"rendered":"https:\/\/875jahrekirchgoens.de\/?p=16679"},"modified":"2025-11-08T23:50:30","modified_gmt":"2025-11-08T23:50:30","slug":"kirch-goenser-gesangverein-genoss-wuerzburger-weine","status":"publish","type":"post","link":"http:\/\/875jahrekirchgoens.de\/?p=16679","title":{"rendered":"Kirch-G\u00f6nser Gesangverein genoss W\u00fcrzburger Weine"},"content":{"rendered":"\n<p><em>Gruppe war von Sehensw\u00fcrdigkeiten begeistert<\/em><\/p>\n\n\n\n<p>Einen Ausflug nach W\u00fcrzburg unternahmen die Akten des Gesangverein Kirch-G\u00f6ns am vergangenen Samstag. Bei wunderbarem Sonnenschein gab es zun\u00e4chst eine Stadtf\u00fchrung, bei der das Rathaus, Marienkapelle mit Marktplatz, Dom und das Grab von Walther von der Vogelweide besucht wurden. Die gro\u00dfe Zerst\u00f6rung der Altstadt kurz vor Ende des Zweiten Weltkrieges und der sp\u00e4tere Wiederaufbau wurde an einem Modell verdeutlicht. Auch \u00fcber die \u201eAbwrackpr\u00e4mie des Mittelalters\u201c erfuhr man, die dazu f\u00fchrte, dass aus \u00e4lteren H\u00e4usern neue moderne und stattliche Geb\u00e4ude wurden bei entsprechender Steuerersparnis der Eigent\u00fcmer. Im Anschluss genoss man ein gemeinsames Mittagessen. Am Nachmittag stand der Besuch mit F\u00fchrung durch die W\u00fcrzburger Residenz auf dem Programm. Der imposante Palast der W\u00fcrzburger F\u00fcrstenbisch\u00f6fe aus dem 18. Jahrhundert von Balthasar Neumann, mit dem ber\u00fchmten Treppenhaus und einer unvergleichlichen Rokoko-Ausstattung beeindruckte die G\u00e4ste.<\/p>\n\n\n\n<figure class=\"wp-block-image size-full\"><img loading=\"lazy\" decoding=\"async\" width=\"510\" height=\"360\" src=\"https:\/\/875jahrekirchgoens.de\/wp-content\/uploads\/2025\/11\/grafik-30.png\" alt=\"\" class=\"wp-image-16680\" srcset=\"http:\/\/875jahrekirchgoens.de\/wp-content\/uploads\/2025\/11\/grafik-30.png 510w, http:\/\/875jahrekirchgoens.de\/wp-content\/uploads\/2025\/11\/grafik-30-300x212.png 300w\" sizes=\"auto, (max-width: 510px) 100vw, 510px\" \/><\/figure>\n\n\n\n<p>F\u00fcr den Besuch des sehenswerten Hofgartens war ebenfalls noch Zeit, bevor im \u00fcber 700 Jahre alten B\u00fcrgerspital die S\u00e4ngerinnen und S\u00e4nger sich von der Qualit\u00e4t des W\u00fcrzburger Weins bei einer Weinprobe \u00fcberzeugen konnten \u2013 inklusive eines kleinen St\u00e4ndchens im Kellergew\u00f6lbe des B\u00fcrgerspitals. Nach dem Abendessen im Restaurant des B\u00fcrgerspitals ging es mit dem Bus wieder zur\u00fcck nach Kirch-G\u00f6ns und einstimmig freut man sich bereits auf den n\u00e4chsten Ausflug.<\/p>\n\n\n\n<p>Quelle und Bild: Butzbacher Zeitung vom 11. September 2019<\/p>\n","protected":false},"excerpt":{"rendered":"<p>Gruppe war von Sehensw\u00fcrdigkeiten begeistert Einen Ausflug nach W\u00fcrzburg unternahmen die Akten des Gesangverein Kirch-G\u00f6ns am vergangenen Samstag. Bei wunderbarem Sonnenschein gab es zun\u00e4chst eine Stadtf\u00fchrung, bei der das Rathaus, Marienkapelle mit Marktplatz, Dom und das Grab von Walther von der Vogelweide besucht wurden. Die gro\u00dfe Zerst\u00f6rung der Altstadt kurz vor Ende des Zweiten Weltkrieges &#8230; <a title=\"Kirch-G\u00f6nser Gesangverein genoss W\u00fcrzburger Weine\" class=\"read-more\" href=\"http:\/\/875jahrekirchgoens.de\/?p=16679\" aria-label=\"Mehr Informationen \u00fcber Kirch-G\u00f6nser Gesangverein genoss W\u00fcrzburger Weine\">Weiterlesen<\/a><\/p>\n","protected":false},"author":1,"featured_media":0,"comment_status":"closed","ping_status":"open","sticky":false,"template":"","format":"standard","meta":{"footnotes":""},"categories":[1],"tags":[],"class_list":["post-16679","post","type-post","status-publish","format-standard","hentry","category-infos"],"_links":{"self":[{"href":"http:\/\/875jahrekirchgoens.de\/index.php?rest_route=\/wp\/v2\/posts\/16679","targetHints":{"allow":["GET"]}}],"collection":[{"href":"http:\/\/875jahrekirchgoens.de\/index.php?rest_route=\/wp\/v2\/posts"}],"about":[{"href":"http:\/\/875jahrekirchgoens.de\/index.php?rest_route=\/wp\/v2\/types\/post"}],"author":[{"embeddable":true,"href":"http:\/\/875jahrekirchgoens.de\/index.php?rest_route=\/wp\/v2\/users\/1"}],"replies":[{"embeddable":true,"href":"http:\/\/875jahrekirchgoens.de\/index.php?rest_route=%2Fwp%2Fv2%2Fcomments&post=16679"}],"version-history":[{"count":1,"href":"http:\/\/875jahrekirchgoens.de\/index.php?rest_route=\/wp\/v2\/posts\/16679\/revisions"}],"predecessor-version":[{"id":16681,"href":"http:\/\/875jahrekirchgoens.de\/index.php?rest_route=\/wp\/v2\/posts\/16679\/revisions\/16681"}],"wp:attachment":[{"href":"http:\/\/875jahrekirchgoens.de\/index.php?rest_route=%2Fwp%2Fv2%2Fmedia&parent=16679"}],"wp:term":[{"taxonomy":"category","embeddable":true,"href":"http:\/\/875jahrekirchgoens.de\/index.php?rest_route=%2Fwp%2Fv2%2Fcategories&post=16679"},{"taxonomy":"post_tag","embeddable":true,"href":"http:\/\/875jahrekirchgoens.de\/index.php?rest_route=%2Fwp%2Fv2%2Ftags&post=16679"}],"curies":[{"name":"wp","href":"https:\/\/api.w.org\/{rel}","templated":true}]}}