{"id":16683,"date":"2019-06-29T23:56:00","date_gmt":"2019-06-29T23:56:00","guid":{"rendered":"https:\/\/875jahrekirchgoens.de\/?p=16683"},"modified":"2025-11-08T23:57:53","modified_gmt":"2025-11-08T23:57:53","slug":"vorlesewettbewerb-in-der-ggs","status":"publish","type":"post","link":"http:\/\/875jahrekirchgoens.de\/?p=16683","title":{"rendered":"Vorlesewettbewerb in der GGS"},"content":{"rendered":"\n<figure class=\"wp-block-image size-full\"><img loading=\"lazy\" decoding=\"async\" width=\"1024\" height=\"731\" src=\"https:\/\/875jahrekirchgoens.de\/wp-content\/uploads\/2025\/11\/grafik-33.png\" alt=\"\" class=\"wp-image-16686\" srcset=\"http:\/\/875jahrekirchgoens.de\/wp-content\/uploads\/2025\/11\/grafik-33.png 1024w, http:\/\/875jahrekirchgoens.de\/wp-content\/uploads\/2025\/11\/grafik-33-300x214.png 300w, http:\/\/875jahrekirchgoens.de\/wp-content\/uploads\/2025\/11\/grafik-33-768x548.png 768w\" sizes=\"auto, (max-width: 1024px) 100vw, 1024px\" \/><\/figure>\n\n\n\n<p>Wie in den Jahren zuvor, fand in der letzten Woche vor den Sommerferien in der G\u00f6nser Grundschule (GGS) der Lesewettbewerb statt. In jeder Klassenstufe lasen vier Sch\u00fclerinnen oder Sch\u00fcler aus einem von ihnen ausgew\u00e4hlten Buch vor. Die Jury setzte sich zusammen aus Erwachsenen der Schulgemeinde, z. B. die Sekret\u00e4rin der F\u00f6rdervereinsvorsitzende, aber auch externe, die sich der Schule verbunden f\u00fchlen, wie Martin Guth. Gerade dieser war von den Leistungen der Sch\u00fcler sehr angetan. Diese Jury bewertete die Vortr\u00e4ge und so gab es in jeder Klassenstufe einen Erst-, Zweit- und Dritt-Platzierten. Jeder bekam bei der Preisverleihung ein kleines Pr\u00e4sent und Gutscheine der Buchhandlung Bindernagel f\u00fcr die Besten. Ein besonderer Dank von allen Sch\u00fclern und Lehrkr\u00e4ften galt der Organisatorin und Fachbereichsleiterin Deutsch Monika R\u00fchl. Es war wie in den letzten Jahren eine tolle Veranstaltung, wo auch die Besten mal zeigen konnten, wie gut und betont sie schon lesen k\u00f6nnen. Ein weiterer Dank galt dem F\u00f6rderverein, der die Preise gesponsert hat.<\/p>\n\n\n\n<p>Quelle und Bild: Butzbacher Zeitung vom 29. Juni 2019<\/p>\n","protected":false},"excerpt":{"rendered":"<p>Wie in den Jahren zuvor, fand in der letzten Woche vor den Sommerferien in der G\u00f6nser Grundschule (GGS) der Lesewettbewerb statt. In jeder Klassenstufe lasen vier Sch\u00fclerinnen oder Sch\u00fcler aus einem von ihnen ausgew\u00e4hlten Buch vor. Die Jury setzte sich zusammen aus Erwachsenen der Schulgemeinde, z. B. die Sekret\u00e4rin der F\u00f6rdervereinsvorsitzende, aber auch externe, die &#8230; <a title=\"Vorlesewettbewerb in der GGS\" class=\"read-more\" href=\"http:\/\/875jahrekirchgoens.de\/?p=16683\" aria-label=\"Mehr Informationen \u00fcber Vorlesewettbewerb in der GGS\">Weiterlesen<\/a><\/p>\n","protected":false},"author":1,"featured_media":0,"comment_status":"closed","ping_status":"open","sticky":false,"template":"","format":"standard","meta":{"footnotes":""},"categories":[1],"tags":[],"class_list":["post-16683","post","type-post","status-publish","format-standard","hentry","category-infos"],"_links":{"self":[{"href":"http:\/\/875jahrekirchgoens.de\/index.php?rest_route=\/wp\/v2\/posts\/16683","targetHints":{"allow":["GET"]}}],"collection":[{"href":"http:\/\/875jahrekirchgoens.de\/index.php?rest_route=\/wp\/v2\/posts"}],"about":[{"href":"http:\/\/875jahrekirchgoens.de\/index.php?rest_route=\/wp\/v2\/types\/post"}],"author":[{"embeddable":true,"href":"http:\/\/875jahrekirchgoens.de\/index.php?rest_route=\/wp\/v2\/users\/1"}],"replies":[{"embeddable":true,"href":"http:\/\/875jahrekirchgoens.de\/index.php?rest_route=%2Fwp%2Fv2%2Fcomments&post=16683"}],"version-history":[{"count":1,"href":"http:\/\/875jahrekirchgoens.de\/index.php?rest_route=\/wp\/v2\/posts\/16683\/revisions"}],"predecessor-version":[{"id":16687,"href":"http:\/\/875jahrekirchgoens.de\/index.php?rest_route=\/wp\/v2\/posts\/16683\/revisions\/16687"}],"wp:attachment":[{"href":"http:\/\/875jahrekirchgoens.de\/index.php?rest_route=%2Fwp%2Fv2%2Fmedia&parent=16683"}],"wp:term":[{"taxonomy":"category","embeddable":true,"href":"http:\/\/875jahrekirchgoens.de\/index.php?rest_route=%2Fwp%2Fv2%2Fcategories&post=16683"},{"taxonomy":"post_tag","embeddable":true,"href":"http:\/\/875jahrekirchgoens.de\/index.php?rest_route=%2Fwp%2Fv2%2Ftags&post=16683"}],"curies":[{"name":"wp","href":"https:\/\/api.w.org\/{rel}","templated":true}]}}