{"id":16697,"date":"2018-02-09T11:29:00","date_gmt":"2018-02-09T11:29:00","guid":{"rendered":"https:\/\/875jahrekirchgoens.de\/?p=16697"},"modified":"2025-11-09T11:30:37","modified_gmt":"2025-11-09T11:30:37","slug":"kirch-goenser-senioren-feierten-fastnacht","status":"publish","type":"post","link":"http:\/\/875jahrekirchgoens.de\/?p=16697","title":{"rendered":"Kirch-G\u00f6nser Senioren feierten Fastnacht"},"content":{"rendered":"\n<figure class=\"wp-block-image size-full\"><img loading=\"lazy\" decoding=\"async\" width=\"1024\" height=\"734\" src=\"https:\/\/875jahrekirchgoens.de\/wp-content\/uploads\/2025\/11\/grafik-35.png\" alt=\"\" class=\"wp-image-16698\" srcset=\"http:\/\/875jahrekirchgoens.de\/wp-content\/uploads\/2025\/11\/grafik-35.png 1024w, http:\/\/875jahrekirchgoens.de\/wp-content\/uploads\/2025\/11\/grafik-35-300x215.png 300w, http:\/\/875jahrekirchgoens.de\/wp-content\/uploads\/2025\/11\/grafik-35-768x551.png 768w\" sizes=\"auto, (max-width: 1024px) 100vw, 1024px\" \/><\/figure>\n\n\n\n<p>Eine z\u00fcnftige Fastnachtsfeier erlebten die Mitglieder des Seniorenkreises der evangelischen Kirchengemeinde Kirch-G\u00f6ns im Gemeindezentrum. Die Stimmungsmusik kam zwar vom Band, das tat aber der guten Laune der kost\u00fcmierten Senioren keinen Abbruch. Bei den Programmpunkten konnte Sitzungspr\u00e4sidentin Doris Winter zuerst Fabio Schwenz aus Pohl-G\u00f6ns als B\u00fcttenredner begr\u00fc\u00dfen, der f\u00fcr seinen Bericht \u00fcber \u00f6rtliche Begebenheiten und seine H\u00fchnerschar langanhaltenden Applaus erntete. Den erhielten auch die jungen T\u00e4nzerinnen der Kleinen Garde des Pohl-G\u00f6nser Fastnachtsvereins f\u00fcr ihre super Tanzvorf\u00fchrung nebst Zugabe unter der Leitung von Nadine Gro\u00df-Spannenberg. Gustl Quack erinnerte sich in ihrer B\u00fcttenrede als alte Dame aus der Taubgasse an fr\u00fchere Zeiten und was man da alles unternommen hat und machen konnte. Doch heute zwickt und zwackt es da und dort. Alles, was fr\u00fcher sch\u00f6n war, k\u00f6nne man deshalb heute nicht mehr machen. Viele Lacher und starker Applaus belohnten ihren Auftritt.<\/p>\n\n\n\n<p>Quelle und Bild: Butzbacher Zeitung vom 9. Februar 2018<\/p>\n","protected":false},"excerpt":{"rendered":"<p>Eine z\u00fcnftige Fastnachtsfeier erlebten die Mitglieder des Seniorenkreises der evangelischen Kirchengemeinde Kirch-G\u00f6ns im Gemeindezentrum. Die Stimmungsmusik kam zwar vom Band, das tat aber der guten Laune der kost\u00fcmierten Senioren keinen Abbruch. Bei den Programmpunkten konnte Sitzungspr\u00e4sidentin Doris Winter zuerst Fabio Schwenz aus Pohl-G\u00f6ns als B\u00fcttenredner begr\u00fc\u00dfen, der f\u00fcr seinen Bericht \u00fcber \u00f6rtliche Begebenheiten und seine &#8230; <a title=\"Kirch-G\u00f6nser Senioren feierten Fastnacht\" class=\"read-more\" href=\"http:\/\/875jahrekirchgoens.de\/?p=16697\" aria-label=\"Mehr Informationen \u00fcber Kirch-G\u00f6nser Senioren feierten Fastnacht\">Weiterlesen<\/a><\/p>\n","protected":false},"author":1,"featured_media":0,"comment_status":"closed","ping_status":"open","sticky":false,"template":"","format":"standard","meta":{"footnotes":""},"categories":[1],"tags":[],"class_list":["post-16697","post","type-post","status-publish","format-standard","hentry","category-infos"],"_links":{"self":[{"href":"http:\/\/875jahrekirchgoens.de\/index.php?rest_route=\/wp\/v2\/posts\/16697","targetHints":{"allow":["GET"]}}],"collection":[{"href":"http:\/\/875jahrekirchgoens.de\/index.php?rest_route=\/wp\/v2\/posts"}],"about":[{"href":"http:\/\/875jahrekirchgoens.de\/index.php?rest_route=\/wp\/v2\/types\/post"}],"author":[{"embeddable":true,"href":"http:\/\/875jahrekirchgoens.de\/index.php?rest_route=\/wp\/v2\/users\/1"}],"replies":[{"embeddable":true,"href":"http:\/\/875jahrekirchgoens.de\/index.php?rest_route=%2Fwp%2Fv2%2Fcomments&post=16697"}],"version-history":[{"count":1,"href":"http:\/\/875jahrekirchgoens.de\/index.php?rest_route=\/wp\/v2\/posts\/16697\/revisions"}],"predecessor-version":[{"id":16699,"href":"http:\/\/875jahrekirchgoens.de\/index.php?rest_route=\/wp\/v2\/posts\/16697\/revisions\/16699"}],"wp:attachment":[{"href":"http:\/\/875jahrekirchgoens.de\/index.php?rest_route=%2Fwp%2Fv2%2Fmedia&parent=16697"}],"wp:term":[{"taxonomy":"category","embeddable":true,"href":"http:\/\/875jahrekirchgoens.de\/index.php?rest_route=%2Fwp%2Fv2%2Fcategories&post=16697"},{"taxonomy":"post_tag","embeddable":true,"href":"http:\/\/875jahrekirchgoens.de\/index.php?rest_route=%2Fwp%2Fv2%2Ftags&post=16697"}],"curies":[{"name":"wp","href":"https:\/\/api.w.org\/{rel}","templated":true}]}}