{"id":16706,"date":"2018-08-09T11:44:00","date_gmt":"2018-08-09T11:44:00","guid":{"rendered":"https:\/\/875jahrekirchgoens.de\/?p=16706"},"modified":"2025-11-09T11:46:06","modified_gmt":"2025-11-09T11:46:06","slug":"ihren-ersten-schultag-werden-die-abc-schuetzen","status":"publish","type":"post","link":"http:\/\/875jahrekirchgoens.de\/?p=16706","title":{"rendered":"Ihren ersten Schultag werden die ABC-Sch\u00fctzen \u2026"},"content":{"rendered":"\n<figure class=\"wp-block-image size-full is-resized\"><img loading=\"lazy\" decoding=\"async\" width=\"512\" height=\"372\" src=\"https:\/\/875jahrekirchgoens.de\/wp-content\/uploads\/2025\/11\/grafik-38.png\" alt=\"\" class=\"wp-image-16707\" style=\"width:659px;height:auto\" srcset=\"http:\/\/875jahrekirchgoens.de\/wp-content\/uploads\/2025\/11\/grafik-38.png 512w, http:\/\/875jahrekirchgoens.de\/wp-content\/uploads\/2025\/11\/grafik-38-300x218.png 300w\" sizes=\"auto, (max-width: 512px) 100vw, 512px\" \/><\/figure>\n\n\n\n<p>aus den Butzbacher G\u00f6ns-Stadtteilen so schnell nicht vergessen. Am Dienstag zogen sie n\u00e4mlich nach dem Schulanfangsgottesdienst in der Kirch-G\u00f6nser Kirche unter den Saxopohon-Kl\u00e4ngen von Carolin Ratz, die auch die Kirchenorgel gepielt hatte, zur G\u00f6nser Grundschule. In der Sporthalle fand anschlie\u00dfend die Einschulungsfeier statt, bei der 28 Schulanf\u00e4nger und deren Eltern, Gro\u00dfeltern und Geschwister herzlich von Schulleiterin Anette Schliebener begr\u00fc\u00dft wurden. Die \u00e4lteren Mitsch\u00fclerinnen und Mitsch\u00fcler hatten au\u00dferdem ein kleines Programm einstudiert, ehe die Schulanf\u00e4nger von ihren Klassenlehrinnen Mirjam B\u00f6deker (Klasse 1a) und Ann Kathrin Mentz (Klasse 1b) zu ihrer neuen Wirkungsst\u00e4tte gef\u00fchrt wurden und ihren Schultag erlebten. Unterdessen wurden die Eltern vom F\u00f6rderverein mit Kaffee und Kuchen bewirtet. Die G\u00f6nser Grundschule besuchen insgesamt 130 Sch\u00fclerinnen und Sch\u00fcler, die in acht Klassen von neun Lehrkr\u00e4ften unterrichtet werden.<\/p>\n\n\n\n<figure class=\"wp-block-image size-full\"><img loading=\"lazy\" decoding=\"async\" width=\"524\" height=\"867\" src=\"https:\/\/875jahrekirchgoens.de\/wp-content\/uploads\/2025\/11\/grafik-39.png\" alt=\"\" class=\"wp-image-16708\" srcset=\"http:\/\/875jahrekirchgoens.de\/wp-content\/uploads\/2025\/11\/grafik-39.png 524w, http:\/\/875jahrekirchgoens.de\/wp-content\/uploads\/2025\/11\/grafik-39-181x300.png 181w\" sizes=\"auto, (max-width: 524px) 100vw, 524px\" \/><\/figure>\n\n\n\n<p>Die Schulanf\u00e4nger in der Sporthalle der GGS.<\/p>\n\n\n\n<p>Quelle und Bilder: Butzbacher Zeitung vom 9. August 2018<\/p>\n","protected":false},"excerpt":{"rendered":"<p>aus den Butzbacher G\u00f6ns-Stadtteilen so schnell nicht vergessen. Am Dienstag zogen sie n\u00e4mlich nach dem Schulanfangsgottesdienst in der Kirch-G\u00f6nser Kirche unter den Saxopohon-Kl\u00e4ngen von Carolin Ratz, die auch die Kirchenorgel gepielt hatte, zur G\u00f6nser Grundschule. In der Sporthalle fand anschlie\u00dfend die Einschulungsfeier statt, bei der 28 Schulanf\u00e4nger und deren Eltern, Gro\u00dfeltern und Geschwister herzlich von &#8230; <a title=\"Ihren ersten Schultag werden die ABC-Sch\u00fctzen \u2026\" class=\"read-more\" href=\"http:\/\/875jahrekirchgoens.de\/?p=16706\" aria-label=\"Mehr Informationen \u00fcber Ihren ersten Schultag werden die ABC-Sch\u00fctzen \u2026\">Weiterlesen<\/a><\/p>\n","protected":false},"author":1,"featured_media":0,"comment_status":"closed","ping_status":"open","sticky":false,"template":"","format":"standard","meta":{"footnotes":""},"categories":[1],"tags":[],"class_list":["post-16706","post","type-post","status-publish","format-standard","hentry","category-infos"],"_links":{"self":[{"href":"http:\/\/875jahrekirchgoens.de\/index.php?rest_route=\/wp\/v2\/posts\/16706","targetHints":{"allow":["GET"]}}],"collection":[{"href":"http:\/\/875jahrekirchgoens.de\/index.php?rest_route=\/wp\/v2\/posts"}],"about":[{"href":"http:\/\/875jahrekirchgoens.de\/index.php?rest_route=\/wp\/v2\/types\/post"}],"author":[{"embeddable":true,"href":"http:\/\/875jahrekirchgoens.de\/index.php?rest_route=\/wp\/v2\/users\/1"}],"replies":[{"embeddable":true,"href":"http:\/\/875jahrekirchgoens.de\/index.php?rest_route=%2Fwp%2Fv2%2Fcomments&post=16706"}],"version-history":[{"count":1,"href":"http:\/\/875jahrekirchgoens.de\/index.php?rest_route=\/wp\/v2\/posts\/16706\/revisions"}],"predecessor-version":[{"id":16709,"href":"http:\/\/875jahrekirchgoens.de\/index.php?rest_route=\/wp\/v2\/posts\/16706\/revisions\/16709"}],"wp:attachment":[{"href":"http:\/\/875jahrekirchgoens.de\/index.php?rest_route=%2Fwp%2Fv2%2Fmedia&parent=16706"}],"wp:term":[{"taxonomy":"category","embeddable":true,"href":"http:\/\/875jahrekirchgoens.de\/index.php?rest_route=%2Fwp%2Fv2%2Fcategories&post=16706"},{"taxonomy":"post_tag","embeddable":true,"href":"http:\/\/875jahrekirchgoens.de\/index.php?rest_route=%2Fwp%2Fv2%2Ftags&post=16706"}],"curies":[{"name":"wp","href":"https:\/\/api.w.org\/{rel}","templated":true}]}}